{"id":506827,"date":"2017-10-27T12:55:52","date_gmt":"2017-10-27T17:55:52","guid":{"rendered":"https:\/\/www.futboltotal.com.mx\/?p=506827"},"modified":"2017-10-27T12:56:20","modified_gmt":"2017-10-27T17:56:20","slug":"arturo-vidal-envuelto-en-nuevo-escandalo-nocturno","status":"publish","type":"post","link":"http:\/\/desarrollo.grupomedios.com\/futbol\/cambio-de-juego\/arturo-vidal-envuelto-en-nuevo-escandalo-nocturno\/2017\/10","title":{"rendered":"Arturo Vidal, envuelto en nuevo esc\u00e1ndalo nocturno"},"content":{"rendered":"<p><strong>POR: STAFF FT<\/strong><\/p>\n<p>Despu\u00e9s que el <strong>Bayern Munich<\/strong> lograra avanzar en en la <strong>Copa de Alemania<\/strong> venciendo al<strong> Leipzig<\/strong> por medio de los penales, el diario germ\u00e1nico, Bild se ha encargado de publicar una nueva pol\u00e9mica que incluye a la estrella de los b\u00e1varos,\u00a0<strong>Arturo Vidal<\/strong>. Pues el mediocampista chileno habr\u00eda protagonizado una pelea y dem\u00e1s incidentes en un centro nocturno de <strong>M\u00fanich.<\/strong><\/p>\n<p>El suceso habr\u00eda ocurrido el pasado<strong> 16 de septiembre<\/strong>, dentro de la zona VIP del\u00a0local<strong>\u00a0Club\u00a0Crowns,<\/strong> luego de haber participado en el duelo ante el <strong>Mainz<\/strong> y participar en la fiesta del\u00a0<strong>Oktoberfest<\/strong>:\u00a0&#8220;Los invitados informan que <strong>Vidal<\/strong> y su hermano <strong>Sandrino<\/strong> celebraron con amigos en el \u00e1rea VIP.\u00a0Varios miembros del grupo estaban cada vez m\u00e1s<strong> alcoholizados<\/strong>&#8220;, detalla la publicaci\u00f3n,\u00a0quien agrega que por estas situaci\u00f3n la seguridad del lugar tuvo que entrar en acci\u00f3n en esos momentos.<\/p>\n<p style=\"text-align: center;\"><a href=\"https:\/\/www.futboltotal.com.mx\/liga-de-portugal\/iker-casillas-interes-2-equipos-la-premier-league\/2017\/10\">VER M\u00c1S: Iker Casillas tiene el inter\u00e9s de 2 equipos de la Premier League<\/a><\/p>\n<p>&#8220;<strong>Vidal rompi\u00f3 vasos<\/strong>, se hab\u00eda subido arriba de las mesas, se burlaba de los invitados.\u00a0Y cuando la seguridad del recinto quiso calmarlo, Vidal y sus amigos <strong>se volvieron agresivos<\/strong>&#8220;, agregan. Adem\u00e1s, de acuerdo con testigos, se relata que \u201cse encararon con los guardias, se tiraron vasos e incluso, <strong>vol\u00f3 una\u00a0botella\u00a0de\u00a0vodka<\/strong>\u00a0que cay\u00f3 en la cabeza de otra persona\u201d.<\/p>\n<p>Esta no es la primera ocasi\u00f3n en que Vidal ha estado involucrado en esc\u00e1ndalos extra cancha, en 2015 estrell\u00f3 su Ferrari mientras se disputaba la <strong>Copa Am\u00e9rica en 2015<\/strong>, mientras tanto la esposa como la suegra del guardameta de la <strong>Selecci\u00f3n de Chile<\/strong>, <strong>Claudio Bravo<\/strong> mencionaron que el mediocampista llegaba ebrio a los entrenamientos de su selecci\u00f3n.<\/p>\n<p style=\"text-align: center;\"><a href=\"https:\/\/www.futboltotal.com.mx\/futbol-internacional\/liga-de-francia-futbol-internacional\/angel-di-maria-en-la-mira-del-ac-milan-la-juventus\/2017\/10\">VER M\u00c1S: \u00c1ngel Di Mar\u00eda, en la mira del AC Milan y la Juventus<\/a><\/p>\n<p>&nbsp;<\/p>\n","protected":false},"excerpt":{"rendered":"<p>POR: STAFF FT Despu\u00e9s que el Bayern Munich lograra avanzar en en la Copa de Alemania venciendo al Leipzig por medio de los penales, el diario germ\u00e1nico, Bild se ha encargado de publicar una nueva pol\u00e9mica que incluye a la estrella de los b\u00e1varos,\u00a0Arturo Vidal. Pues el mediocampista chileno habr\u00eda protagonizado una pelea y dem\u00e1s [&hellip;]<\/p>\n","protected":false},"author":159,"featured_media":506829,"comment_status":"closed","ping_status":"closed","sticky":false,"template":"","format":"standard","meta":[],"categories":[5419],"tags":[2962,2056,406],"_links":{"self":[{"href":"http:\/\/desarrollo.grupomedios.com\/futbol\/wp-json\/wp\/v2\/posts\/506827"}],"collection":[{"href":"http:\/\/desarrollo.grupomedios.com\/futbol\/wp-json\/wp\/v2\/posts"}],"about":[{"href":"http:\/\/desarrollo.grupomedios.com\/futbol\/wp-json\/wp\/v2\/types\/post"}],"author":[{"embeddable":true,"href":"http:\/\/desarrollo.grupomedios.com\/futbol\/wp-json\/wp\/v2\/users\/159"}],"replies":[{"embeddable":true,"href":"http:\/\/desarrollo.grupomedios.com\/futbol\/wp-json\/wp\/v2\/comments?post=506827"}],"version-history":[{"count":2,"href":"http:\/\/desarrollo.grupomedios.com\/futbol\/wp-json\/wp\/v2\/posts\/506827\/revisions"}],"predecessor-version":[{"id":506831,"href":"http:\/\/desarrollo.grupomedios.com\/futbol\/wp-json\/wp\/v2\/posts\/506827\/revisions\/506831"}],"wp:featuredmedia":[{"embeddable":true,"href":"http:\/\/desarrollo.grupomedios.com\/futbol\/wp-json\/wp\/v2\/media\/506829"}],"wp:attachment":[{"href":"http:\/\/desarrollo.grupomedios.com\/futbol\/wp-json\/wp\/v2\/media?parent=506827"}],"wp:term":[{"taxonomy":"category","embeddable":true,"href":"http:\/\/desarrollo.grupomedios.com\/futbol\/wp-json\/wp\/v2\/categories?post=506827"},{"taxonomy":"post_tag","embeddable":true,"href":"http:\/\/desarrollo.grupomedios.com\/futbol\/wp-json\/wp\/v2\/tags?post=506827"}],"curies":[{"name":"wp","href":"https:\/\/api.w.org\/{rel}","templated":true}]}}