{"id":506835,"date":"2017-10-27T13:40:05","date_gmt":"2017-10-27T18:40:05","guid":{"rendered":"https:\/\/www.futboltotal.com.mx\/?p=506835"},"modified":"2017-10-27T13:40:05","modified_gmt":"2017-10-27T18:40:05","slug":"queretaro-vs-atlas-gallos-quieren-evitar-liguilla-rojinegra","status":"publish","type":"post","link":"http:\/\/desarrollo.grupomedios.com\/futbol\/futbol-mexicano\/queretaro-vs-atlas-gallos-quieren-evitar-liguilla-rojinegra\/2017\/10","title":{"rendered":"Quer\u00e9taro vs Atlas, los Gallos quieren evitar Liguilla rojinegra"},"content":{"rendered":"<p><strong>Quer\u00e9taro vs Atlas<\/strong> jugar\u00e1n este s\u00e1bado 28 de octubre a las 17:00 hrs en la cancha del<strong> estadio Corregidora<\/strong>, en un partido correspondiente a la <strong>Jornada 15<\/strong> del torneo de <strong>Apertura 2017 de la Liga MX<\/strong>.<\/p>\n<p>Los <strong>Gallos<\/strong> vienen estrenando t\u00e9cnico con la llegada de <strong>Luis Fernando Tena<\/strong> y llegan motivados a su duelo ante los <strong>Rojinegros<\/strong> luego de haber dado la sorpresa al <span style=\"color: #3366ff;\"><a href=\"https:\/\/www.futboltotal.com.mx\/destacado-home\/leon-2-queretaro-4-copa-mx-octavos-final-apertura-2017\/2017\/10\">eliminar a Le\u00f3n <\/a><\/span>en los <strong>Octavos de Fina<\/strong>l de la <strong>Copa MX<\/strong>.<\/p>\n<p>El equipo queretano ya est\u00e1 eliminado del torneo y ahora solo buscar\u00e1 sumar puntos en el cociente, donde ya est\u00e1 en los \u00faltimos lugares y muy cerca de<strong> Veracruz<\/strong>, por lo que buscar\u00e1n hacerle la maldad al Atlas.<\/p>\n<p style=\"text-align: center;\"><span style=\"color: #3366ff;\"><a href=\"https:\/\/www.futboltotal.com.mx\/futbol-internacional\/liga-de-francia-futbol-internacional\/angel-di-maria-en-la-mira-del-ac-milan-la-juventus\/2017\/10\">VER M\u00c1: \u00c1ngel Di Mar\u00eda, en la mira del AC Milan y la Juventus<\/a><\/span><\/p>\n<p>Los Rojinegros quieren aprovechar la debilidad de los Gallos, pues los partidos como local han sido su peor enemigo ya que apenas han conquistado cuatro puntos y los de <strong>Jalisco<\/strong> quieren que as\u00ed se mantengan logrando un triunfo como visitantes.<\/p>\n<p>Por su parte, tras la eliminaci\u00f3n ante <strong>Chivas<\/strong>, <strong>Atlas<\/strong> ya puede dejar de pensar en la copa y enfocarse \u00fanicamente en la Liguilla y mucho m\u00e1s con una motivaci\u00f3n extra: el regreso de <strong>Rafa M\u00e1rquez<\/strong> a las canchas.<\/p>\n<p>Aunque a media semana no pudieron conseguir la victoria en el cl\u00e1sico tapat\u00edo contra el<strong> Reba\u00f1o<\/strong>, con la presencia de M\u00e1rquez en la banca, despu\u00e9s de que consigui\u00f3 un permiso para regresar a la actividad tras su investigaci\u00f3n por posibles nexos con el crimen organizado.<\/p>\n<p>La derrota podr\u00e1 ser un factor en contra o los <strong>Zorros<\/strong> podr\u00e1n tomarlo de la mejor manera, ya que solamente tienen que pensar en llegar a la Fiesta Grande.<\/p>\n<p style=\"text-align: center;\"><span style=\"color: #3366ff;\"><a href=\"https:\/\/www.futboltotal.com.mx\/futbol-mexicano\/liga-mx\/en-america-me-senti-enganado-antonio-mohamed\/2017\/10\">VER M\u00c1S: En Am\u00e9rica me sent\u00ed enga\u00f1ado: Antonio Mohamed<\/a><\/span><\/p>\n","protected":false},"excerpt":{"rendered":"<p>Los Gallos ya est\u00e1n eliminados y le quieren hacer la maldad a los Zorros.<\/p>\n","protected":false},"author":129,"featured_media":506846,"comment_status":"closed","ping_status":"closed","sticky":false,"template":"","format":"standard","meta":[],"categories":[2198,3845],"tags":[8357,4256,64,1046,10916,475,3154],"_links":{"self":[{"href":"http:\/\/desarrollo.grupomedios.com\/futbol\/wp-json\/wp\/v2\/posts\/506835"}],"collection":[{"href":"http:\/\/desarrollo.grupomedios.com\/futbol\/wp-json\/wp\/v2\/posts"}],"about":[{"href":"http:\/\/desarrollo.grupomedios.com\/futbol\/wp-json\/wp\/v2\/types\/post"}],"author":[{"embeddable":true,"href":"http:\/\/desarrollo.grupomedios.com\/futbol\/wp-json\/wp\/v2\/users\/129"}],"replies":[{"embeddable":true,"href":"http:\/\/desarrollo.grupomedios.com\/futbol\/wp-json\/wp\/v2\/comments?post=506835"}],"version-history":[{"count":2,"href":"http:\/\/desarrollo.grupomedios.com\/futbol\/wp-json\/wp\/v2\/posts\/506835\/revisions"}],"predecessor-version":[{"id":506849,"href":"http:\/\/desarrollo.grupomedios.com\/futbol\/wp-json\/wp\/v2\/posts\/506835\/revisions\/506849"}],"wp:featuredmedia":[{"embeddable":true,"href":"http:\/\/desarrollo.grupomedios.com\/futbol\/wp-json\/wp\/v2\/media\/506846"}],"wp:attachment":[{"href":"http:\/\/desarrollo.grupomedios.com\/futbol\/wp-json\/wp\/v2\/media?parent=506835"}],"wp:term":[{"taxonomy":"category","embeddable":true,"href":"http:\/\/desarrollo.grupomedios.com\/futbol\/wp-json\/wp\/v2\/categories?post=506835"},{"taxonomy":"post_tag","embeddable":true,"href":"http:\/\/desarrollo.grupomedios.com\/futbol\/wp-json\/wp\/v2\/tags?post=506835"}],"curies":[{"name":"wp","href":"https:\/\/api.w.org\/{rel}","templated":true}]}}