{"id":506852,"date":"2017-10-27T14:15:21","date_gmt":"2017-10-27T19:15:21","guid":{"rendered":"https:\/\/www.futboltotal.com.mx\/?p=506852"},"modified":"2017-10-27T14:15:21","modified_gmt":"2017-10-27T19:15:21","slug":"la-volpe-la-joya-se-grande-en-america","status":"publish","type":"post","link":"http:\/\/desarrollo.grupomedios.com\/futbol\/futbol-mexicano\/la-volpe-la-joya-se-grande-en-america\/2017\/10","title":{"rendered":"La Volpe y la &#8216;joya&#8217; que se hizo grande en Am\u00e9rica"},"content":{"rendered":"<p><strong>Ricardo La Volpe<\/strong>, ex entrenador de las <em>\u00c1guilas<\/em>, habl\u00f3 del gran nivel que tiene el juvenil <strong>Edson \u00c1lvarez<\/strong> con el Am\u00e9rica, y sentenci\u00f3 que es un chico al que no le pesa vestir la camiseta azulcrema.<\/p>\n<p>En una entrevista para el diario <em>Record<\/em>, el estratega argentino destac\u00f3 que el nivel que ha mostrado el muchacho a casi un a\u00f1o de su debut ha sido de un jugador de primera l\u00ednea y lo felicit\u00f3 por el buen inicio que incluso lo ha llevado a la <strong>Selecci\u00f3n Mexicana<\/strong>.<\/p>\n<p>&#8220;Edson es un chico con personalidad, mentalidad y car\u00e1cter para pertenecer a este equipo. Nunca tuve duda de debutarlo en la <strong>Liga MX<\/strong>&#8220;, asegur\u00f3 el &#8216;Bigot\u00f3n&#8217;.<\/p>\n<p style=\"text-align: center;\"><span style=\"color: #333399;\"><a href=\"https:\/\/www.futboltotal.com.mx\/destacado-home\/america-monterrey-mejor-tridente-la-liga-mx\/2017\/10\">VER M\u00c1S: <span class=\"item-title\">Am\u00e9rica o Monterrey, \u00bfqui\u00e9n tiene el mejor tridente de la Liga MX?<\/span><\/a><\/span><\/p>\n<p>Sin embargo, La Volpe se mostr\u00f3 sorprendido por el gran nivel que tiene el joven de 20 a\u00f1os que lo tiene como un titular nato de la escuadra de <strong>Miguel Herrera<\/strong> por su polivalencia en el campo, y que lo tiene tambi\u00e9n en el gusto del entrenador de la Selecci\u00f3n Mexicana, <strong>Juan Carlos Osorio<\/strong>.<\/p>\n<p>&#8220;La \u00fanica duda que ten\u00eda al momento de debutarlo en la Liga fue si ser\u00eda capaz de estar a la altura de un equipo como Am\u00e9rica y la realidad es que a Edson no le pesa la playera y al contrario, es un chico que le encanta&#8221;, sentenci\u00f3 Ricardo Antonio La Volpe.<\/p>\n<p>Edson \u00c1lvarez tuvo su debut futbol\u00edstico en la Liga MX el 29 de octubre del 2016 en un juego <strong>Am\u00e9rica vs. Santos<\/strong>.<\/p>\n<p style=\"text-align: center;\"><span style=\"color: #333399;\"><a href=\"https:\/\/www.futboltotal.com.mx\/destacado-home\/mohamed-herrera-alegrias-america-tristeza-rayados\/2017\/10\">VER M\u00c1S: <span class=\"item-title\">Mohamed y Herrera: Alegr\u00edas para Am\u00e9rica, tristeza para Rayados<\/span><\/a><\/span><\/p>\n<p>&nbsp;<\/p>\n","protected":false},"excerpt":{"rendered":"<p>El entrenador argentino destac\u00f3 la gran labor del juvenil americanista<\/p>\n","protected":false},"author":160,"featured_media":506864,"comment_status":"closed","ping_status":"closed","sticky":false,"template":"","format":"standard","meta":[],"categories":[2198,3845],"tags":[5959,7939,64,767],"_links":{"self":[{"href":"http:\/\/desarrollo.grupomedios.com\/futbol\/wp-json\/wp\/v2\/posts\/506852"}],"collection":[{"href":"http:\/\/desarrollo.grupomedios.com\/futbol\/wp-json\/wp\/v2\/posts"}],"about":[{"href":"http:\/\/desarrollo.grupomedios.com\/futbol\/wp-json\/wp\/v2\/types\/post"}],"author":[{"embeddable":true,"href":"http:\/\/desarrollo.grupomedios.com\/futbol\/wp-json\/wp\/v2\/users\/160"}],"replies":[{"embeddable":true,"href":"http:\/\/desarrollo.grupomedios.com\/futbol\/wp-json\/wp\/v2\/comments?post=506852"}],"version-history":[{"count":1,"href":"http:\/\/desarrollo.grupomedios.com\/futbol\/wp-json\/wp\/v2\/posts\/506852\/revisions"}],"predecessor-version":[{"id":506865,"href":"http:\/\/desarrollo.grupomedios.com\/futbol\/wp-json\/wp\/v2\/posts\/506852\/revisions\/506865"}],"wp:featuredmedia":[{"embeddable":true,"href":"http:\/\/desarrollo.grupomedios.com\/futbol\/wp-json\/wp\/v2\/media\/506864"}],"wp:attachment":[{"href":"http:\/\/desarrollo.grupomedios.com\/futbol\/wp-json\/wp\/v2\/media?parent=506852"}],"wp:term":[{"taxonomy":"category","embeddable":true,"href":"http:\/\/desarrollo.grupomedios.com\/futbol\/wp-json\/wp\/v2\/categories?post=506852"},{"taxonomy":"post_tag","embeddable":true,"href":"http:\/\/desarrollo.grupomedios.com\/futbol\/wp-json\/wp\/v2\/tags?post=506852"}],"curies":[{"name":"wp","href":"https:\/\/api.w.org\/{rel}","templated":true}]}}