{"id":506875,"date":"2017-10-27T15:08:40","date_gmt":"2017-10-27T20:08:40","guid":{"rendered":"https:\/\/www.futboltotal.com.mx\/?p=506875"},"modified":"2017-10-27T15:11:10","modified_gmt":"2017-10-27T20:11:10","slug":"aviles-hurtado-esta-en-la-mira-de-la-seleccion-mexicana","status":"publish","type":"post","link":"http:\/\/desarrollo.grupomedios.com\/futbol\/futbol-mexicano\/aviles-hurtado-esta-en-la-mira-de-la-seleccion-mexicana\/2017\/10","title":{"rendered":"Avil\u00e9s Hurtado est\u00e1 en la mira de la Selecci\u00f3n Mexicana"},"content":{"rendered":"<p><strong>POR: STAFF FT<\/strong><\/p>\n<p>El estratega de la <strong>Selecci\u00f3n Mexicana<\/strong>, <strong>Juan Carlos Osorio<\/strong>, revel\u00f3 que est\u00e1 siguiendo muy de cerca al delantero de <strong>Rayados de Monterrey<\/strong>, <strong>Avil\u00e9s Hurtado<\/strong> que cuenta con la doble nacionalidad; colombiana y mexicana, pues indic\u00f3 que el futbolista se desempe\u00f1a en dos posiciones que se le ha complicado encontrar al director t\u00e9cnico del Tri.<\/p>\n<p>\u201cTuvimos la gran fortuna de trabajar y catapultarlo en el futbol mexicano, valoro sus condiciones, juega para m\u00ed en dos posiciones en donde el futbol mexicano no est\u00e1 bien y <strong>lo analizaremos individualmente<\/strong>, alej\u00e1ndolo de la parte emocional que me liga a \u00e9l, a quien respeto y admiro por jugador, tratar\u00e9 de elegir lo que es mejor en el aspecto deportivo del futbol mexicano\u201d, dijo el estratega para el diario Esto, quien en 2012 pudo trabajar con Hurtado en <strong>Atl\u00e9tico Nacional<\/strong>.<\/p>\n<p>Por su parte tambi\u00e9n analiz\u00f3 las posibilidades de otros futbolistas aztecas que se encuentran jugando en Europa y que sin tener los reflectores, merecen una oportunidad dentro del combinado tricolor, de acuerdo a la percepci\u00f3n del colombiano; de <strong>Omar Govea<\/strong> ya se ha especulado que se ganar\u00e1 una convocatoria, sin embargo hay otros futbolistas que tiene en la mira.<\/p>\n<p style=\"text-align: center;\"><a href=\"https:\/\/www.futboltotal.com.mx\/no-todo-es-futbol\/autos\/gran-premio-mexico-las-figuras-lo-han-corrido\/2017\/10\">VER M\u00c1S: El Gran Premio de M\u00e9xico y las figuras que lo han corrido<\/a><\/p>\n<p>\u201cSeguimos de cerca a todos, hay que mencionar a <strong>Carlos Pe\u00f1a, Eduardo Herrera<\/strong> (Rangers), jugadores que en una Liga europea compiten contra clubes importantes, seguramente pueden dar ese salto de calidad, al igual que ellos, a <strong>Omar<\/strong> (<strong>Govea<\/strong>) y <strong>Uriel Antuna<\/strong> (Groningen) los hemos seguido\u201d.<\/p>\n<p>Sobre los cotejos que disputar\u00e1 en la mini gira europea que tendr\u00e1, indic\u00f3: &#8220;es es la oportunidad de mostrar ante dos equipos poderosos contra <strong>B\u00e9lgica y Polonia<\/strong> el mejor once mexicano, es cierto que todos merecen una oportunidad, trataremos de ser justo con todos, es un proceso, no solo por los dos \u00faltimos duelos de elegir a uno o dos jugadores, es por un seguimiento al detalle de sus actuaciones\u201d, dijo.<\/p>\n<p style=\"text-align: center;\"><a href=\"https:\/\/www.futboltotal.com.mx\/futbol-internacional\/liga-de-francia-futbol-internacional\/angel-di-maria-en-la-mira-del-ac-milan-la-juventus\/2017\/10\">VER M\u00c1S: \u00c1ngel Di Mar\u00eda, en la mira del AC Milan y la Juventus<\/a><\/p>\n","protected":false},"excerpt":{"rendered":"<p>El delantero de Rayados ha llamado la atenci\u00f3n del estratega del Tri<\/p>\n","protected":false},"author":159,"featured_media":506883,"comment_status":"closed","ping_status":"closed","sticky":false,"template":"","format":"standard","meta":[],"categories":[2198,3847],"tags":[2069,6196,65,4541,409],"_links":{"self":[{"href":"http:\/\/desarrollo.grupomedios.com\/futbol\/wp-json\/wp\/v2\/posts\/506875"}],"collection":[{"href":"http:\/\/desarrollo.grupomedios.com\/futbol\/wp-json\/wp\/v2\/posts"}],"about":[{"href":"http:\/\/desarrollo.grupomedios.com\/futbol\/wp-json\/wp\/v2\/types\/post"}],"author":[{"embeddable":true,"href":"http:\/\/desarrollo.grupomedios.com\/futbol\/wp-json\/wp\/v2\/users\/159"}],"replies":[{"embeddable":true,"href":"http:\/\/desarrollo.grupomedios.com\/futbol\/wp-json\/wp\/v2\/comments?post=506875"}],"version-history":[{"count":5,"href":"http:\/\/desarrollo.grupomedios.com\/futbol\/wp-json\/wp\/v2\/posts\/506875\/revisions"}],"predecessor-version":[{"id":506888,"href":"http:\/\/desarrollo.grupomedios.com\/futbol\/wp-json\/wp\/v2\/posts\/506875\/revisions\/506888"}],"wp:featuredmedia":[{"embeddable":true,"href":"http:\/\/desarrollo.grupomedios.com\/futbol\/wp-json\/wp\/v2\/media\/506883"}],"wp:attachment":[{"href":"http:\/\/desarrollo.grupomedios.com\/futbol\/wp-json\/wp\/v2\/media?parent=506875"}],"wp:term":[{"taxonomy":"category","embeddable":true,"href":"http:\/\/desarrollo.grupomedios.com\/futbol\/wp-json\/wp\/v2\/categories?post=506875"},{"taxonomy":"post_tag","embeddable":true,"href":"http:\/\/desarrollo.grupomedios.com\/futbol\/wp-json\/wp\/v2\/tags?post=506875"}],"curies":[{"name":"wp","href":"https:\/\/api.w.org\/{rel}","templated":true}]}}