{"id":506903,"date":"2017-10-27T16:24:03","date_gmt":"2017-10-27T21:24:03","guid":{"rendered":"https:\/\/www.futboltotal.com.mx\/?p=506903"},"modified":"2017-10-27T16:24:50","modified_gmt":"2017-10-27T21:24:50","slug":"olivier-giroud-dejaria-al-arsenal-chelsea","status":"publish","type":"post","link":"http:\/\/desarrollo.grupomedios.com\/futbol\/futbol-internacional\/olivier-giroud-dejaria-al-arsenal-chelsea\/2017\/10","title":{"rendered":"Olivier Giroud dejar\u00eda al Arsenal por el Chelsea"},"content":{"rendered":"<p><strong>POR: STAFF FT<\/strong><\/p>\n<p>Todo parec\u00eda bien en el<strong> Chelsea<\/strong>, la llegada de <strong>\u00c1lvaro Morata<\/strong>, aunada a la brillante aparici\u00f3n que tuvo el delantero belga\u00a0<strong>Michy Batshuayi<\/strong>, sin embargo para <strong>Antonio Conte<\/strong> considera que le falta un delantero punta de garant\u00edas, pues siente que el espa\u00f1ol no ha logrado cargar con el peso absoluto del ataque Blue y en la baraja ya empieza a manejar sus posibilidades, sin embargo, hay una que suena con mayor fuerza.<\/p>\n<p>De acuerdo a\u00a0<i>talkSPORT,\u00a0<\/i>el candidato que estar\u00eda en la mente del estratega italiano seria el delantero franc\u00e9s del <strong>Arsenal<\/strong>,\u00a0<strong>Olivier Giroud,\u00a0<\/strong>quien considera encaja de manera perfecta por su perfil de nueve nato y rematador, adem\u00e1s que ya tiene una amplia experiencia en la <strong>Premier League<\/strong>. Otro factor importante es que el galo ha perdido protagonismo en el equipo de <strong>Arsene Wenger<\/strong> por lo que estar\u00eda pensando en salir para obtener minutos de cara a <strong>Rusia 2018<\/strong>.<\/p>\n<p style=\"text-align: center;\"><a href=\"https:\/\/www.futboltotal.com.mx\/futbol-internacional\/liga-de-francia-futbol-internacional\/angel-di-maria-en-la-mira-del-ac-milan-la-juventus\/2017\/10\">VER M\u00c1S: \u00c1ngel Di Mar\u00eda, en la mira del AC Milan y la Juventus<\/a><\/p>\n<p>Por su parte, los Gunners todo parece indicar que vivir\u00e1n una reestructuraci\u00f3n en la parte del ataque, pues de darse las salidas del alem\u00e1n, <strong>Mesut \u00d6zil<\/strong>, el chileno <strong>Alexis S\u00e1nchez<\/strong> y est\u00e1 posibilidad que se ha abierto de perder a <strong>Olivier Giroud<\/strong> quedar\u00edan desprotegidos en esa posici\u00f3n y de inmediato deber\u00edan conseguir un nuevo ataque, pues dejar\u00edan sin acompa\u00f1antes a\u00a0<strong>Alexandre Lacazette<\/strong>.<\/p>\n<p>Giroud, de 31 a\u00f1os hab\u00eda sido el principal referente en el ataque de los <strong>Gunners<\/strong> hasta el principio de esta campa\u00f1a, cuando precisamente su compatriota le quit\u00f3 el protagonismo del cual ven\u00eda gozando, pues no ha logrado ser titular en ning\u00fan encuentro de la liga y solo ha sido utilizado en la Copa y juegos de la <strong>Europa League<\/strong>.<\/p>\n<p style=\"text-align: center;\"><a href=\"https:\/\/www.futboltotal.com.mx\/liga-de-portugal\/raul-jimenez-antonio-briseno-benfica-1-feirense-0-liga-de-portugal\/2017\/10\">VER M\u00c1S: Ra\u00fal Jim\u00e9nez derrota a Antonio Brise\u00f1o en la Liga de Portugal<\/a><\/p>\n<p>&nbsp;<\/p>\n<p>&nbsp;<\/p>\n","protected":false},"excerpt":{"rendered":"<p>El delantero galo ha perdido protagonismo con el Arsenal<\/p>\n","protected":false},"author":159,"featured_media":506905,"comment_status":"closed","ping_status":"closed","sticky":false,"template":"","format":"standard","meta":[],"categories":[7740,3839,3846],"tags":[2354,6044,5981,6799,334],"_links":{"self":[{"href":"http:\/\/desarrollo.grupomedios.com\/futbol\/wp-json\/wp\/v2\/posts\/506903"}],"collection":[{"href":"http:\/\/desarrollo.grupomedios.com\/futbol\/wp-json\/wp\/v2\/posts"}],"about":[{"href":"http:\/\/desarrollo.grupomedios.com\/futbol\/wp-json\/wp\/v2\/types\/post"}],"author":[{"embeddable":true,"href":"http:\/\/desarrollo.grupomedios.com\/futbol\/wp-json\/wp\/v2\/users\/159"}],"replies":[{"embeddable":true,"href":"http:\/\/desarrollo.grupomedios.com\/futbol\/wp-json\/wp\/v2\/comments?post=506903"}],"version-history":[{"count":2,"href":"http:\/\/desarrollo.grupomedios.com\/futbol\/wp-json\/wp\/v2\/posts\/506903\/revisions"}],"predecessor-version":[{"id":506907,"href":"http:\/\/desarrollo.grupomedios.com\/futbol\/wp-json\/wp\/v2\/posts\/506903\/revisions\/506907"}],"wp:featuredmedia":[{"embeddable":true,"href":"http:\/\/desarrollo.grupomedios.com\/futbol\/wp-json\/wp\/v2\/media\/506905"}],"wp:attachment":[{"href":"http:\/\/desarrollo.grupomedios.com\/futbol\/wp-json\/wp\/v2\/media?parent=506903"}],"wp:term":[{"taxonomy":"category","embeddable":true,"href":"http:\/\/desarrollo.grupomedios.com\/futbol\/wp-json\/wp\/v2\/categories?post=506903"},{"taxonomy":"post_tag","embeddable":true,"href":"http:\/\/desarrollo.grupomedios.com\/futbol\/wp-json\/wp\/v2\/tags?post=506903"}],"curies":[{"name":"wp","href":"https:\/\/api.w.org\/{rel}","templated":true}]}}