{"id":506918,"date":"2017-10-27T17:40:55","date_gmt":"2017-10-27T22:40:55","guid":{"rendered":"https:\/\/www.futboltotal.com.mx\/?p=506918"},"modified":"2017-10-27T17:40:55","modified_gmt":"2017-10-27T22:40:55","slug":"copa-mx-anuncia-cambio-horario-en-juego-cuartos-final","status":"publish","type":"post","link":"http:\/\/desarrollo.grupomedios.com\/futbol\/futbol-mexicano\/copa-mx-anuncia-cambio-horario-en-juego-cuartos-final\/2017\/10","title":{"rendered":"Copa MX anuncia cambio de horario en un juego de cuartos de final"},"content":{"rendered":"<p>La <strong>Copa MX<\/strong> ha dado a conocer que uno de los juegos de cuartos de final ha sido pospuesto para el 8 de noviembre.<\/p>\n<p>El partido entre los <em>Tuzos<\/em> del <strong>Pachuca<\/strong> y los <em>Xolos<\/em> de <strong>Tijuana<\/strong> ha cambiado de d\u00eda. En un inicio, este duelo de cuartos de final estaba contemplado para el martes 31 de octubre a las 21:06 horas.<\/p>\n<p style=\"text-align: center;\"><span style=\"color: #333399;\"><a href=\"https:\/\/www.futboltotal.com.mx\/futbol-mexicano\/la-volpe-la-joya-se-grande-en-america\/2017\/10\">VER M\u00c1S: <span class=\"item-title\">La Volpe y la \u2018joya\u2019 que se hizo grande en Am\u00e9rica<\/span><\/a><\/span><\/p>\n<p>Sin embargo, este d\u00eda la cuenta oficial de la Copa MX se\u00f1al\u00f3 que el juego se llevar\u00e1 a cabo el mi\u00e9rcoles <strong>8 de noviembre a las 20:30 horas<\/strong>.<\/p>\n<p>El ganador de este partido enfrentar\u00e1 en las semifinales al que salga adelante de la serie entre las <em>Chivas Rayadas<\/em> del <strong>Guadalajara<\/strong> y los <em>Potros de Hierro<\/em> del <strong>Atlante<\/strong>.<\/p>\n<p style=\"text-align: center;\"><a href=\"https:\/\/www.futboltotal.com.mx\/futbol-mexicano\/aviles-hurtado-esta-en-la-mira-de-la-seleccion-mexicana\/2017\/10\">VER M\u00c1S: <span class=\"item-title\">Avil\u00e9s Hurtado est\u00e1 en la mira de la Selecci\u00f3n Mexicana<\/span><\/a><\/p>\n<blockquote class=\"twitter-tweet\" data-partner=\"tweetdeck\">\n<p dir=\"ltr\" lang=\"es\">Toma nota, porque el <a href=\"https:\/\/twitter.com\/Tuzos?ref_src=twsrc%5Etfw\">@Tuzos<\/a> vs <a href=\"https:\/\/twitter.com\/Xolos?ref_src=twsrc%5Etfw\">@Xolos<\/a> de los <a href=\"https:\/\/twitter.com\/hashtag\/4tosDeFinal?src=hash&amp;ref_src=twsrc%5Etfw\">#4tosDeFinal<\/a> de la <a href=\"https:\/\/twitter.com\/hashtag\/CopaCoronaMX?src=hash&amp;ref_src=twsrc%5Etfw\">#CopaCoronaMX<\/a> &#x1f3c6; de <a href=\"https:\/\/twitter.com\/hashtag\/Apertura2017?src=hash&amp;ref_src=twsrc%5Etfw\">#Apertura2017<\/a> cambia de horario y fecha<br \/>\n\u26bd <a href=\"https:\/\/twitter.com\/hashtag\/SienteTuLiga?src=hash&amp;ref_src=twsrc%5Etfw\">#SienteTuLiga<\/a> \u26bd <a href=\"https:\/\/t.co\/iJqd9LiQWU\">pic.twitter.com\/iJqd9LiQWU<\/a><\/p>\n<p>\u2014 #CopaCoronaMX (@CopaCoronaMx) <a href=\"https:\/\/twitter.com\/CopaCoronaMx\/status\/924015920351186944?ref_src=twsrc%5Etfw\">October 27, 2017<\/a><\/p><\/blockquote>\n<p><script async src=\"https:\/\/platform.twitter.com\/widgets.js\" charset=\"utf-8\"><\/script><\/p>\n","protected":false},"excerpt":{"rendered":"<p>El partido ha sido cambiado para el 8 de noviembre<\/p>\n","protected":false},"author":160,"featured_media":506923,"comment_status":"closed","ping_status":"closed","sticky":false,"template":"","format":"standard","meta":[],"categories":[4247,2198,3845],"tags":[285,482,1290,1555],"_links":{"self":[{"href":"http:\/\/desarrollo.grupomedios.com\/futbol\/wp-json\/wp\/v2\/posts\/506918"}],"collection":[{"href":"http:\/\/desarrollo.grupomedios.com\/futbol\/wp-json\/wp\/v2\/posts"}],"about":[{"href":"http:\/\/desarrollo.grupomedios.com\/futbol\/wp-json\/wp\/v2\/types\/post"}],"author":[{"embeddable":true,"href":"http:\/\/desarrollo.grupomedios.com\/futbol\/wp-json\/wp\/v2\/users\/160"}],"replies":[{"embeddable":true,"href":"http:\/\/desarrollo.grupomedios.com\/futbol\/wp-json\/wp\/v2\/comments?post=506918"}],"version-history":[{"count":1,"href":"http:\/\/desarrollo.grupomedios.com\/futbol\/wp-json\/wp\/v2\/posts\/506918\/revisions"}],"predecessor-version":[{"id":506925,"href":"http:\/\/desarrollo.grupomedios.com\/futbol\/wp-json\/wp\/v2\/posts\/506918\/revisions\/506925"}],"wp:featuredmedia":[{"embeddable":true,"href":"http:\/\/desarrollo.grupomedios.com\/futbol\/wp-json\/wp\/v2\/media\/506923"}],"wp:attachment":[{"href":"http:\/\/desarrollo.grupomedios.com\/futbol\/wp-json\/wp\/v2\/media?parent=506918"}],"wp:term":[{"taxonomy":"category","embeddable":true,"href":"http:\/\/desarrollo.grupomedios.com\/futbol\/wp-json\/wp\/v2\/categories?post=506918"},{"taxonomy":"post_tag","embeddable":true,"href":"http:\/\/desarrollo.grupomedios.com\/futbol\/wp-json\/wp\/v2\/tags?post=506918"}],"curies":[{"name":"wp","href":"https:\/\/api.w.org\/{rel}","templated":true}]}}