{"id":506980,"date":"2017-10-28T12:10:32","date_gmt":"2017-10-28T17:10:32","guid":{"rendered":"https:\/\/www.futboltotal.com.mx\/?p=506980"},"modified":"2017-10-28T12:10:32","modified_gmt":"2017-10-28T17:10:32","slug":"chucky-lozano-aumenta-50-por-ciento-valor-en-mercado","status":"publish","type":"post","link":"http:\/\/desarrollo.grupomedios.com\/futbol\/futbol-internacional\/chucky-lozano-aumenta-50-por-ciento-valor-en-mercado\/2017\/10","title":{"rendered":"Chucky Lozano aumenta 50% su valor en el mercado"},"content":{"rendered":"<p><strong>POR: STAFF FT<\/strong><\/p>\n<p>El atacante mexicano,<strong> Hirving Chucky Lozano<\/strong>, vive un gran momento desde que emigr\u00f3 al futbol de Europa con el<strong> PSV Eindhoven<\/strong>, es el m\u00e1ximo goleador de la <strong>Eredivisie<\/strong> con ocho anotaciones esta temporada y esto lo ha hecho incrementar de forma sustancial su valor dentro del mercado.<\/p>\n<p>En un principio, Lozano val\u00eda cerca de <strong>diez millones de euros<\/strong>, sin embargo, luego de una \u00faltima actualizaci\u00f3n dentro de la p\u00e1gina especializada\u00a0<strong>Trasnfermarkt<\/strong> realizada el pasado 26 de octubre muestra que el precio de transferencia del mexicano aument\u00f3 a<strong> 15 millones de euros<\/strong>, es decir logr\u00f3 incrementar su ficha en un <strong>50 por ciento<\/strong>.<\/p>\n<p style=\"text-align: center;\"><a href=\"https:\/\/www.futboltotal.com.mx\/futbol-internacional\/liga-de-inglaterra\/crystal-palace-2-west-ham-2-premier-league-resumen\/2017\/10\" target=\"_blank\" rel=\"noopener\">VER M\u00c1S: Chicharito anota y West Ham obtiene amargo empate<\/a><\/p>\n<p>Este semestre, Chcuky lleg\u00f3 con los <strong>Granjeros<\/strong> por una cantidad cercana a los 24 millones de euros para la temporada 2017-2018, pero con tan solo ocho partidos, el canterano de Pachuca ha logrado darse a conocer a la prensa internacional con destacadas actuaciones.<\/p>\n<p>En M\u00e9xico milit\u00f3 con <strong>Pachuca<\/strong> del 2013 al 2017 y logr\u00f3 jugar 43 partidos en los que anot\u00f3 27 goles, logr\u00f3 salir campe\u00f3n de la <strong>Liga MX<\/strong> y la <strong>Liga de Campeones de la Concacaf<\/strong> con el conjunto Tuzo, siendo uno de los futbolistas con mayor proyecci\u00f3n del balompi\u00e9 azteca.<\/p>\n<p style=\"text-align: center;\"><a href=\"https:\/\/www.futboltotal.com.mx\/copa-mundial-2018\/filtran-jersey-espana-rusia-2018\" target=\"_blank\" rel=\"noopener\">VER M\u00c1S: Filtran jersey de Espa\u00f1a para Rusia 2018<\/a><\/p>\n","protected":false},"excerpt":{"rendered":"<p>El mexicano est\u00e1 teniendo una participaci\u00f3n destacada en Europa<\/p>\n","protected":false},"author":159,"featured_media":506699,"comment_status":"closed","ping_status":"closed","sticky":false,"template":"","format":"standard","meta":[],"categories":[9721,3839],"tags":[6944,5196,3224],"_links":{"self":[{"href":"http:\/\/desarrollo.grupomedios.com\/futbol\/wp-json\/wp\/v2\/posts\/506980"}],"collection":[{"href":"http:\/\/desarrollo.grupomedios.com\/futbol\/wp-json\/wp\/v2\/posts"}],"about":[{"href":"http:\/\/desarrollo.grupomedios.com\/futbol\/wp-json\/wp\/v2\/types\/post"}],"author":[{"embeddable":true,"href":"http:\/\/desarrollo.grupomedios.com\/futbol\/wp-json\/wp\/v2\/users\/159"}],"replies":[{"embeddable":true,"href":"http:\/\/desarrollo.grupomedios.com\/futbol\/wp-json\/wp\/v2\/comments?post=506980"}],"version-history":[{"count":1,"href":"http:\/\/desarrollo.grupomedios.com\/futbol\/wp-json\/wp\/v2\/posts\/506980\/revisions"}],"predecessor-version":[{"id":506981,"href":"http:\/\/desarrollo.grupomedios.com\/futbol\/wp-json\/wp\/v2\/posts\/506980\/revisions\/506981"}],"wp:featuredmedia":[{"embeddable":true,"href":"http:\/\/desarrollo.grupomedios.com\/futbol\/wp-json\/wp\/v2\/media\/506699"}],"wp:attachment":[{"href":"http:\/\/desarrollo.grupomedios.com\/futbol\/wp-json\/wp\/v2\/media?parent=506980"}],"wp:term":[{"taxonomy":"category","embeddable":true,"href":"http:\/\/desarrollo.grupomedios.com\/futbol\/wp-json\/wp\/v2\/categories?post=506980"},{"taxonomy":"post_tag","embeddable":true,"href":"http:\/\/desarrollo.grupomedios.com\/futbol\/wp-json\/wp\/v2\/tags?post=506980"}],"curies":[{"name":"wp","href":"https:\/\/api.w.org\/{rel}","templated":true}]}}