{"id":506987,"date":"2017-10-28T14:30:36","date_gmt":"2017-10-28T19:30:36","guid":{"rendered":"https:\/\/www.futboltotal.com.mx\/?p=506987"},"modified":"2017-10-28T14:31:13","modified_gmt":"2017-10-28T19:31:13","slug":"chivas-le-propuso-a-pumas-cambio-chofis-gallardo","status":"publish","type":"post","link":"http:\/\/desarrollo.grupomedios.com\/futbol\/futbol-mexicano\/chivas-le-propuso-a-pumas-cambio-chofis-gallardo\/2017\/10","title":{"rendered":"Chivas le propuso a Pumas cambio Chofis-Gallardo"},"content":{"rendered":"<p><strong>POR: STAFF FT<\/strong><\/p>\n<p>El pasado mercado de fichajes fue muy complicado para <strong>Chivas<\/strong>, pues intent\u00f3 fichar a varios futbolistas, incluso algunos de los mexicanos que militan en el futbol de<strong> Europa<\/strong>, pero ninguno de ellos quiso llegar a la entidad <strong>Rojiblanca<\/strong>, mientras que otros le fueron negados. Pero no habl\u00f3 del inter\u00e9s que tuvo por el jugador universitario, <strong>Jes\u00fas Gallardo<\/strong>.<\/p>\n<p>De acuerdo al diario AS M\u00e9xico, los de Guadalajara hicieron contacto con los universitarios para preguntar sobre el posible fichaje del extremo universitario y de la <strong>Selecci\u00f3n Mexicana<\/strong>, <strong>Jes\u00fas Gallardo<\/strong>, y para sorpresa de todos la directiva felina estaba muy dispuesta a escuchar ofertas por uno de sus canteranos con mayor proyecci\u00f3n.<\/p>\n<p style=\"text-align: center;\"><a href=\"https:\/\/www.futboltotal.com.mx\/copa-mundial-2018\/filtran-jersey-espana-rusia-2018\" target=\"_blank\" rel=\"noopener\">VER M\u00c1S: Filtran jersey de Espa\u00f1a para Rusia 2018<\/a><\/p>\n<p>El Reba\u00f1o ofreci\u00f3 nada menos que a <strong>Javier Eduardo &#8216;Chofis&#8217; L\u00f3pez<\/strong> m\u00e1s otro futbolista de su plantilla que pudiera interesarle de una lista espec\u00edfica que aprob\u00f3 <strong>Mat\u00edas Almeyda<\/strong> de aquellos con los que no tiene pensado contar la pr\u00f3xima campa\u00f1a, la mayor\u00eda de ellos eran j\u00f3venes canteranos Rojiblancos.<\/p>\n<p>Pumas mostr\u00f3 un verdadero inter\u00e9s por el intercambio y le agradaba de gran manera tener a la &#8216;Chofis&#8217; L\u00f3pez en la instituci\u00f3n, el problema para la directiva radicaba en la segunda pare del trato, pues ellos <strong>deseaban dinero<\/strong> ya que se ha sabido las finanzas no est\u00e1n muy bien, pero ambas directivas no lograron ning\u00fan acuerdo monetario y fue ah\u00ed donde se rompieron las negociaciones.<\/p>\n<p style=\"text-align: center;\"><a href=\"https:\/\/www.futboltotal.com.mx\/futbol-internacional\/liga-de-inglaterra\/liverpool-interesado-en-diego-lainez-del-america\/2017\/10\" target=\"_blank\" rel=\"noopener\">VER M\u00c1S: Liverpool, interesado en Diego Lainez<\/a><\/p>\n","protected":false},"excerpt":{"rendered":"<p>Los Rojiblancos desean al extremo universitario<\/p>\n","protected":false},"author":159,"featured_media":506989,"comment_status":"closed","ping_status":"closed","sticky":false,"template":"","format":"standard","meta":[],"categories":[2198,3845],"tags":[70,6992,8134,64,74],"_links":{"self":[{"href":"http:\/\/desarrollo.grupomedios.com\/futbol\/wp-json\/wp\/v2\/posts\/506987"}],"collection":[{"href":"http:\/\/desarrollo.grupomedios.com\/futbol\/wp-json\/wp\/v2\/posts"}],"about":[{"href":"http:\/\/desarrollo.grupomedios.com\/futbol\/wp-json\/wp\/v2\/types\/post"}],"author":[{"embeddable":true,"href":"http:\/\/desarrollo.grupomedios.com\/futbol\/wp-json\/wp\/v2\/users\/159"}],"replies":[{"embeddable":true,"href":"http:\/\/desarrollo.grupomedios.com\/futbol\/wp-json\/wp\/v2\/comments?post=506987"}],"version-history":[{"count":2,"href":"http:\/\/desarrollo.grupomedios.com\/futbol\/wp-json\/wp\/v2\/posts\/506987\/revisions"}],"predecessor-version":[{"id":506992,"href":"http:\/\/desarrollo.grupomedios.com\/futbol\/wp-json\/wp\/v2\/posts\/506987\/revisions\/506992"}],"wp:featuredmedia":[{"embeddable":true,"href":"http:\/\/desarrollo.grupomedios.com\/futbol\/wp-json\/wp\/v2\/media\/506989"}],"wp:attachment":[{"href":"http:\/\/desarrollo.grupomedios.com\/futbol\/wp-json\/wp\/v2\/media?parent=506987"}],"wp:term":[{"taxonomy":"category","embeddable":true,"href":"http:\/\/desarrollo.grupomedios.com\/futbol\/wp-json\/wp\/v2\/categories?post=506987"},{"taxonomy":"post_tag","embeddable":true,"href":"http:\/\/desarrollo.grupomedios.com\/futbol\/wp-json\/wp\/v2\/tags?post=506987"}],"curies":[{"name":"wp","href":"https:\/\/api.w.org\/{rel}","templated":true}]}}