{"id":507018,"date":"2017-10-28T15:54:21","date_gmt":"2017-10-28T20:54:21","guid":{"rendered":"https:\/\/www.futboltotal.com.mx\/?p=507018"},"modified":"2017-10-28T15:55:03","modified_gmt":"2017-10-28T20:55:03","slug":"checo-perez-saldra-decimo-en-gp-mexico-vettel-gana-la-pole","status":"publish","type":"post","link":"http:\/\/desarrollo.grupomedios.com\/futbol\/no-todo-es-futbol\/checo-perez-saldra-decimo-en-gp-mexico-vettel-gana-la-pole\/2017\/10","title":{"rendered":"Checo P\u00e9rez saldr\u00e1 d\u00e9cimo en GP de M\u00e9xico; Vettel gana la pole"},"content":{"rendered":"<p><strong>POR: EFE<\/strong><\/p>\n<p>El ingl\u00e9s <strong>Lewis Hamilton<\/strong> (Mercedes) busca este domingo, desde el tercer puesto de parrilla, igualar los cuatro t\u00edtulos mundiales de F\u00f3rmula Uno del alem\u00e1n <strong>Sebastian Vettel<\/strong> (Ferrari), que logr\u00f3 su quincuag\u00e9sima &#8216;pole&#8217; en la categor\u00eda reina y saldr\u00e1 primero en el <strong>Gran Premio de M\u00e9xico<\/strong>, el antepen\u00faltimo del a\u00f1o, en el <strong>Aut\u00f3dromo Hermanos Rodr\u00edguez<\/strong> de la capital mexicana.<\/p>\n<p>Hamilton, de 32 a\u00f1os, que el pasado domingo logr\u00f3 su novena victoria del a\u00f1o en Austin (Texas, Estados Unidos), donde Vettel salv\u00f3 su primera &#8216;bola de Mundial&#8217; al acabar segundo, comanda el certamen con 331 puntos, 66 m\u00e1s que &#8216;Seb&#8217;; y ser\u00e1 matem\u00e1ticamente campe\u00f3n si acaba quinto en Ciudad de M\u00e9xico o si es noveno, siempre y cuando no gane el alem\u00e1n.<\/p>\n<p>Vettel, de 30, que encabez\u00f3 el cuatrienio glorioso de <strong>Red Bull<\/strong> (2010-13) decidi\u00f3 vender cara su derrota y este s\u00e1bado festej\u00f3 su &#8216;pole de oro&#8217;, la quincuag\u00e9sima de su carrera en <strong>F1<\/strong>, al marcar la vuelta r\u00e1pida en la calificaci\u00f3n, cubriendo los 4.304 metros de la pista mexicana en un minuto, 16 segundos y 488 mil\u00e9simas.<\/p>\n<p style=\"text-align: center;\"><span style=\"color: #333399;\"><a href=\"https:\/\/www.futboltotal.com.mx\/destacado-home\/gran-premio-mexico-sus-accidentes-tragedias\/2017\/10\">VER M\u00c1S:\u00a0<span class=\"item-title\">Gran Premio de M\u00e9xico: Sus accidentes y tragedias<\/span><\/a><\/span><\/p>\n<p style=\"text-align: left;\">Exactamente 86 menos que el holand\u00e9s Max Verstappen (Red Bull), que saldr\u00e1 junto a \u00e9l desde la primera fila. Justo delante de los dos pilotos de Mercedes, Hamilton y el fin\u00e9s Valtteri Bottas. En una carrera en la que el espa\u00f1ol Carlos Sainz (Renault) arrancar\u00e1 noveno -al lado del mexicano <strong>Sergio P\u00e9rez<\/strong> (Force India), en la quinta hilera- y su compatriota Fernando Alonso (McLaren-Honda) lo har\u00e1 desde la \u00faltima, junto a su compa\u00f1ero belga Stoffel Vandoorne, sancionados ambos por numerosos cambios en su unidad de potencia.<\/p>\n<p>El doble campe\u00f3n mundial asturiano, que hace diez d\u00edas, en el Circuito de las Am\u00e9ricas, anunci\u00f3 su renovaci\u00f3n con McLaren -toda vez que los de Woking rodar\u00e1n a partir del a\u00f1o pr\u00f3ximo con un motor Renault (marca con la que gan\u00f3 sus dos Mundiales, en 2005 y 2006)- y el pasado jueves inform\u00f3 que disputar\u00e1 en enero las 24 Horas de Daytona, en Florida (EEUU), fue sancionado con la p\u00e9rdida de veinte puestos. Vandoorne, con 35.<\/p>\n<p>Vettel demostr\u00f3 orgullo y saldr\u00e1 a por su quinta victoria del a\u00f1o tras haber reforzado su cuarto puesto en la lista hist\u00f3rica de &#8216;poles&#8217; en F1. Relaci\u00f3n en la que su medio centenar s\u00f3lo lo superan el propio Hamilton -que en Austin elev\u00f3 su r\u00e9cord a 72-, el alem\u00e1n Michael Schumacher -convaleciente a\u00fan de su grave accidente de esqu\u00ed en Meribel (Francia), a finales de 2013-, que arranc\u00f3 68 veces primero; y el brasile\u00f1o Ayrton Senna, que firm\u00f3 65 &#8216;poles&#8217; antes de accidentarse mortalmente en el Gran Premio de San Marino de 1994, en Imola.<\/p>\n<p style=\"text-align: center;\"><span style=\"color: #333399;\"><a href=\"https:\/\/www.futboltotal.com.mx\/destacado-home\/gran-premio-mexico-las-figuras-lo-han-corrido\/2017\/10\">VER M\u00c1S:\u00a0<span class=\"item-title\">El Gran Premio de M\u00e9xico y las figuras que lo han corrido<\/span><\/a><\/span><\/p>\n<p style=\"text-align: left;\">Aunque Hamilton s\u00f3lo deber\u00e1 ejercer un pilotaje t\u00e1ctico para igualar los cuatro t\u00edtulos de Vettel y del franc\u00e9s Alain Prost, ganador en 1985, 86 y 89, con McLaren; y en 1993, con Williams: el ingl\u00e9s s\u00f3lo acab\u00f3 en una ocasi\u00f3n -en M\u00f3naco, donde fue s\u00e9ptimo- por debajo del \u00fanico quinto puesto logrado este a\u00f1o, en Baku, la capital de Azerbaiy\u00e1n.<\/p>\n<p>As\u00ed que s\u00f3lo una aut\u00e9ntica desgracia evitar\u00e1 que el exc\u00e9ntrico y espectacular campe\u00f3n de Stevenage se coloque este mismo domingo a un t\u00edtulo de los cinco que festej\u00f3 el argentino Juan Manuel Fangio, que gan\u00f3 su primer t\u00edtulo en 1951, con Alfa Romeo, y el segundo en 1954, con Maserati y Mercedes; antes de encadenarlo a los siguientes hasta 1957: con Mercedes, Ferrari y Maserati.<\/p>\n<p>Con lo que, junto al &#8216;Chueco&#8217;, s\u00f3lo tendr\u00e1 delante a Schumacher, que gan\u00f3 dos t\u00edtulos con la Benetton de Flavio Briatore (94-95) y cinco seguidos con Ferrari (2000-04), antes de que Alonso, asimismo &#8216;descubierto&#8217; para la F1 por el glamuroso jefe de equipo italiano, pusiera fin al reinado del &#8216;Kaiser&#8217;.<\/p>\n<p style=\"text-align: center;\"><span style=\"color: #333399;\"><a href=\"https:\/\/www.futboltotal.com.mx\/no-todo-es-futbol\/autos\/debes-saber-del-gran-premio-mexico-guia-villamelones\/2017\/10\">VER M\u00c1S:\u00a0<span class=\"item-title\">\u00bfQu\u00e9 debes saber del Gran Premio de M\u00e9xico? Gu\u00eda para villamelones<\/span><\/a><\/span><\/p>\n<p style=\"text-align: left;\">Hamilton hab\u00eda sido, por la ma\u00f1ana, segundo en el \u00faltimo ensayo libre, que domin\u00f3 Verstappen y en el que Vettel fue tercero. Un entrenamiento en el que tanto &#8216;Checo&#8217; -s\u00e9ptimo- como Sainz -noveno- superaron a sus respectivos compa\u00f1eros, que, sin embargo, le dieron la vuelta a la tortilla en la calificaci\u00f3n.<\/p>\n<p>Mientras que el mexicano y el espa\u00f1ol largar\u00e1n desde la quinta fila, el franc\u00e9s Esteban Ocon, compa\u00f1ero del tapat\u00edo en Force India, lo har\u00e1 desde la tercera, al lado del finland\u00e9s Kimi Raikkonen (Ferrari) -quinto este s\u00e1bado-; y el alem\u00e1n Nico H\u00fclkenberg, nuevo colega del madrile\u00f1o en Renault, lo har\u00e1 desde la cuarta, al lado del australiano Daniel Ricciardo.<\/p>\n","protected":false},"excerpt":{"rendered":"<p>El piloto mexicano no pudo repetir lo mejor que lo hizo en las pr\u00e1cticas<\/p>\n","protected":false},"author":160,"featured_media":507019,"comment_status":"closed","ping_status":"closed","sticky":false,"template":"","format":"standard","meta":[],"categories":[5810,5418,6411],"tags":[10927,5480,6302,2140],"_links":{"self":[{"href":"http:\/\/desarrollo.grupomedios.com\/futbol\/wp-json\/wp\/v2\/posts\/507018"}],"collection":[{"href":"http:\/\/desarrollo.grupomedios.com\/futbol\/wp-json\/wp\/v2\/posts"}],"about":[{"href":"http:\/\/desarrollo.grupomedios.com\/futbol\/wp-json\/wp\/v2\/types\/post"}],"author":[{"embeddable":true,"href":"http:\/\/desarrollo.grupomedios.com\/futbol\/wp-json\/wp\/v2\/users\/160"}],"replies":[{"embeddable":true,"href":"http:\/\/desarrollo.grupomedios.com\/futbol\/wp-json\/wp\/v2\/comments?post=507018"}],"version-history":[{"count":2,"href":"http:\/\/desarrollo.grupomedios.com\/futbol\/wp-json\/wp\/v2\/posts\/507018\/revisions"}],"predecessor-version":[{"id":507021,"href":"http:\/\/desarrollo.grupomedios.com\/futbol\/wp-json\/wp\/v2\/posts\/507018\/revisions\/507021"}],"wp:featuredmedia":[{"embeddable":true,"href":"http:\/\/desarrollo.grupomedios.com\/futbol\/wp-json\/wp\/v2\/media\/507019"}],"wp:attachment":[{"href":"http:\/\/desarrollo.grupomedios.com\/futbol\/wp-json\/wp\/v2\/media?parent=507018"}],"wp:term":[{"taxonomy":"category","embeddable":true,"href":"http:\/\/desarrollo.grupomedios.com\/futbol\/wp-json\/wp\/v2\/categories?post=507018"},{"taxonomy":"post_tag","embeddable":true,"href":"http:\/\/desarrollo.grupomedios.com\/futbol\/wp-json\/wp\/v2\/tags?post=507018"}],"curies":[{"name":"wp","href":"https:\/\/api.w.org\/{rel}","templated":true}]}}