{"id":507038,"date":"2017-10-28T17:34:42","date_gmt":"2017-10-28T22:34:42","guid":{"rendered":"https:\/\/www.futboltotal.com.mx\/?p=507038"},"modified":"2017-10-28T17:36:37","modified_gmt":"2017-10-28T22:36:37","slug":"rafa-marquez-vuelve-a-jugar-lo-hacia-6-agosto","status":"publish","type":"post","link":"http:\/\/desarrollo.grupomedios.com\/futbol\/futbol-mexicano\/rafa-marquez-vuelve-a-jugar-lo-hacia-6-agosto\/2017\/10","title":{"rendered":"Rafa M\u00e1rquez vuelve a jugar, no lo hac\u00eda desde el 6 de agosto"},"content":{"rendered":"<p><strong>POR: STAFF FT<\/strong><\/p>\n<p>El defensa central de la<strong> Selecci\u00f3n Mexicana<\/strong>, <strong>Rafael M\u00e1rquez<\/strong> volvi\u00f3 a ser titular en un juego de la Liga MX en la fecha 15 ante el <strong>Quer\u00e9taro<\/strong> en el Estadio Corregidora, el<strong> Rojinegro<\/strong> no ten\u00eda la oportunidad la cancha desde el pasado 6 de agosto.<\/p>\n<p>El experimentado jugador, que de igual manera puede jugar de centrocampista, que ha jugado cuatro<strong> Copas del Mundo<\/strong>, regres\u00f3 a jugar con los Zorros, luego que el viernes concentr\u00f3 con el equipo para el partido y el pasado mi\u00e9rcoles saliera a la banca en el duelo de <strong>Copa MX<\/strong> ante <strong>Chivas<\/strong>.<\/p>\n<p style=\"text-align: center;\"><a href=\"https:\/\/www.futboltotal.com.mx\/futbol-internacional\/manchester-united-psg-se-disputan-jugador-del-real-madrid\/2017\/10\" target=\"_blank\" rel=\"noopener\">VER M\u00c1S: Manchester United y PSG, en disputa por estrella del Real Madrid<\/a><\/p>\n<p>Esto hace eco luego que el zaguero mexicano fuera involucrado en problemas de \u00edndole legal, en el cual la justicia de Estados Unidos lo involucr\u00f3 con el <strong>narcotr\u00e1fico<\/strong>, por lo que muchos de sus negocios y cuentas fueron congeladas un tiempo y adem\u00e1s, no pod\u00eda jugar en M\u00e9xico respetando el proceso que estaba viviendo, ya que no hab\u00eda una suspensi\u00f3n formal. Por otro lado, con la Selecci\u00f3n Mexicana no pod\u00eda viajar.<\/p>\n<p>El referente y capit\u00e1n de los Rojinegros llega al equipo en el momento justo en que su equipo est\u00e1 intentando buscar el boleto para la liguilla del Apertura 2017. Adem\u00e1s, no ve\u00eda actividad desde la <strong>Fecha 3<\/strong> cuando se enfrentaron a <strong>Toluca<\/strong>.<\/p>\n<p style=\"text-align: center;\"><a href=\"https:\/\/www.futboltotal.com.mx\/copa-mundial-2018\/filtran-jersey-espana-rusia-2018\" target=\"_blank\" rel=\"noopener\">VER M\u00c1S: Filtran jersey de Espa\u00f1a para Rusia 2018<\/a><\/p>\n","protected":false},"excerpt":{"rendered":"<p>El eterno capit\u00e1n volvi\u00f3 a las canchas<\/p>\n","protected":false},"author":159,"featured_media":507043,"comment_status":"closed","ping_status":"closed","sticky":false,"template":"","format":"standard","meta":[],"categories":[2198,3845],"tags":[8357,5961,64,5970,4358],"_links":{"self":[{"href":"http:\/\/desarrollo.grupomedios.com\/futbol\/wp-json\/wp\/v2\/posts\/507038"}],"collection":[{"href":"http:\/\/desarrollo.grupomedios.com\/futbol\/wp-json\/wp\/v2\/posts"}],"about":[{"href":"http:\/\/desarrollo.grupomedios.com\/futbol\/wp-json\/wp\/v2\/types\/post"}],"author":[{"embeddable":true,"href":"http:\/\/desarrollo.grupomedios.com\/futbol\/wp-json\/wp\/v2\/users\/159"}],"replies":[{"embeddable":true,"href":"http:\/\/desarrollo.grupomedios.com\/futbol\/wp-json\/wp\/v2\/comments?post=507038"}],"version-history":[{"count":3,"href":"http:\/\/desarrollo.grupomedios.com\/futbol\/wp-json\/wp\/v2\/posts\/507038\/revisions"}],"predecessor-version":[{"id":507046,"href":"http:\/\/desarrollo.grupomedios.com\/futbol\/wp-json\/wp\/v2\/posts\/507038\/revisions\/507046"}],"wp:featuredmedia":[{"embeddable":true,"href":"http:\/\/desarrollo.grupomedios.com\/futbol\/wp-json\/wp\/v2\/media\/507043"}],"wp:attachment":[{"href":"http:\/\/desarrollo.grupomedios.com\/futbol\/wp-json\/wp\/v2\/media?parent=507038"}],"wp:term":[{"taxonomy":"category","embeddable":true,"href":"http:\/\/desarrollo.grupomedios.com\/futbol\/wp-json\/wp\/v2\/categories?post=507038"},{"taxonomy":"post_tag","embeddable":true,"href":"http:\/\/desarrollo.grupomedios.com\/futbol\/wp-json\/wp\/v2\/tags?post=507038"}],"curies":[{"name":"wp","href":"https:\/\/api.w.org\/{rel}","templated":true}]}}