{"id":507048,"date":"2017-10-28T18:21:26","date_gmt":"2017-10-28T23:21:26","guid":{"rendered":"https:\/\/www.futboltotal.com.mx\/?p=507048"},"modified":"2017-10-28T18:21:26","modified_gmt":"2017-10-28T23:21:26","slug":"keylor-navas-dejaria-real-madrid-liverpool","status":"publish","type":"post","link":"http:\/\/desarrollo.grupomedios.com\/futbol\/futbol-internacional\/keylor-navas-dejaria-real-madrid-liverpool\/2017\/10","title":{"rendered":"Keylor Navas dejar\u00eda el Real Madrid por el Liverpool"},"content":{"rendered":"<p><strong>POR: STAFF FT<\/strong><\/p>\n<p><strong>Keylor Navas<\/strong> no ha sido el arquero ideal para <strong>Florentino P\u00e9rez<\/strong>, a pesar de lo mucho que le ha entregado al equipo merengue en a\u00f1os recientes. Eso qued\u00f3 demostrado un a\u00f1o despu\u00e9s de su fichaje, cuando el presidente del club blanco intent\u00f3 incluirlo en una operaci\u00f3n que ten\u00eda como fin llevar a<strong> De Gea<\/strong> a jugar en el Santiago Bernab\u00e9u, por ello una posible salida siempre es latente.<\/p>\n<p><b>Courtois,<\/b>\u00a0<b>Kepa<\/b>\u00a0y\u00a0<b>Donnarumma\u00a0<\/b>son nombres que recientemente han sonado para ocupar el arco de los merengues, pero <strong>Keylor<\/strong> se ha mantenido bajo los tres palos al final. Por el momento cuenta con el aval del estratega franc\u00e9s <strong>Zinedine Zidane<\/strong> que lo ha mantenido en el club. Pero de acuerdo con Diario Gol, el costarricense ya se habr\u00eda cansado de esta situaci\u00f3n, cuando no conf\u00edan en \u00e9l.<\/p>\n<p style=\"text-align: center;\"><a href=\"https:\/\/www.futboltotal.com.mx\/futbol-internacional\/chucky-lozano-aumenta-50-por-ciento-valor-en-mercado\/2017\/10\" target=\"_blank\" rel=\"noopener\">VER M\u00c1S: Chucky Lozano aumenta 50% su valor en el mercado<\/a><\/p>\n<p>Por ello el arquero le habr\u00eda dicho a su agente que comience a sondear ofertas de otros clubes europeos y el primero que ha dado se\u00f1ales de inter\u00e9s es el<strong> Liverpool<\/strong> y ser\u00eda el propio estratega\u00a0<b>Jurgen<\/b>\u00a0<b>Klopp,\u00a0<\/b>quien tiene el deseo de hacerse con el arquero, incluso le habr\u00eda enganchado indicando que ganar\u00eda m\u00e1s que con el cuadro merengue, es decir que le habr\u00edan puesto la chequera por delante para convencerle de cambiar de aires.<\/p>\n<p>El principal problema para la llegada del guardameta es el <strong>idioma<\/strong>, pues no quiere que eso le dificulte la titularidad en el equipo de los<strong> Reds<\/strong> y otro factor que estar\u00eda contemplando es el clima, pues no es de su gusto. Dos situaciones que parecen nimiedades pero podr\u00edan desembocar en que no desembarque en suelo ingl\u00e9s.<\/p>\n<p style=\"text-align: center;\"><a href=\"https:\/\/www.futboltotal.com.mx\/copa-mundial-2018\/filtran-jersey-espana-rusia-2018\" target=\"_blank\" rel=\"noopener\">VER M\u00c1S: Filtran jersey de Espa\u00f1a para Rusia 2018<\/a><\/p>\n","protected":false},"excerpt":{"rendered":"<p>El arquero estar\u00eda buscando un cambio de aires<\/p>\n","protected":false},"author":159,"featured_media":507051,"comment_status":"closed","ping_status":"closed","sticky":false,"template":"","format":"standard","meta":[],"categories":[7740,3839,3844],"tags":[5590,5989,5988],"_links":{"self":[{"href":"http:\/\/desarrollo.grupomedios.com\/futbol\/wp-json\/wp\/v2\/posts\/507048"}],"collection":[{"href":"http:\/\/desarrollo.grupomedios.com\/futbol\/wp-json\/wp\/v2\/posts"}],"about":[{"href":"http:\/\/desarrollo.grupomedios.com\/futbol\/wp-json\/wp\/v2\/types\/post"}],"author":[{"embeddable":true,"href":"http:\/\/desarrollo.grupomedios.com\/futbol\/wp-json\/wp\/v2\/users\/159"}],"replies":[{"embeddable":true,"href":"http:\/\/desarrollo.grupomedios.com\/futbol\/wp-json\/wp\/v2\/comments?post=507048"}],"version-history":[{"count":1,"href":"http:\/\/desarrollo.grupomedios.com\/futbol\/wp-json\/wp\/v2\/posts\/507048\/revisions"}],"predecessor-version":[{"id":507052,"href":"http:\/\/desarrollo.grupomedios.com\/futbol\/wp-json\/wp\/v2\/posts\/507048\/revisions\/507052"}],"wp:featuredmedia":[{"embeddable":true,"href":"http:\/\/desarrollo.grupomedios.com\/futbol\/wp-json\/wp\/v2\/media\/507051"}],"wp:attachment":[{"href":"http:\/\/desarrollo.grupomedios.com\/futbol\/wp-json\/wp\/v2\/media?parent=507048"}],"wp:term":[{"taxonomy":"category","embeddable":true,"href":"http:\/\/desarrollo.grupomedios.com\/futbol\/wp-json\/wp\/v2\/categories?post=507048"},{"taxonomy":"post_tag","embeddable":true,"href":"http:\/\/desarrollo.grupomedios.com\/futbol\/wp-json\/wp\/v2\/tags?post=507048"}],"curies":[{"name":"wp","href":"https:\/\/api.w.org\/{rel}","templated":true}]}}