{"id":507053,"date":"2017-10-28T18:50:01","date_gmt":"2017-10-28T23:50:01","guid":{"rendered":"https:\/\/www.futboltotal.com.mx\/?p=507053"},"modified":"2017-10-28T18:50:01","modified_gmt":"2017-10-28T23:50:01","slug":"antoine-griezmann-valora-llegar-al-real-madrid","status":"publish","type":"post","link":"http:\/\/desarrollo.grupomedios.com\/futbol\/futbol-internacional\/antoine-griezmann-valora-llegar-al-real-madrid\/2017\/10","title":{"rendered":"Antoine Griezmann valora llegar al Real Madrid por esta raz\u00f3n"},"content":{"rendered":"<p><strong>POR: STAFF FT<\/strong><\/p>\n<p><b>Antoine<\/b>\u00a0<b>Griezmann\u00a0<\/b>ser\u00e1 uno de los delantero m\u00e1s cotizados en el pr\u00f3ximo mercado de fichajes del verano, tiene detr\u00e1s al <strong>Manchester United, al Barcelona y Real Madrid<\/strong>, muchos dan a los Blaugranas como el que lleva la delantera por el franc\u00e9s, sin embargo, habr\u00eda un movimiento que le dar\u00eda a los merengues la oportunidad de tener al atacante.<\/p>\n<p>La fecha es el pr\u00f3ximo 30 de junio de 2018, cuando termine su contrato con el <strong>Atl\u00e9tico de Madrid<\/strong> y su cl\u00e1usula de rescisi\u00f3n sea de <strong>100 millones de euros<\/strong>, un precio que el Barcelona ve un precio aceptable por un hombre del talento de Griezmann y sobre todo que ya conoce el futbol de Espa\u00f1a, pero el Real Madrid no quiere verlo vestido de azulgrana.<\/p>\n<p>De acuerdo a Diario Gol,\u00a0<b>Zinedine<\/b>\u00a0<b>Zidane<\/b>\u00a0ha mantenido conversaciones con el &#8216;Principito&#8217; para saber c\u00f3mo est\u00e1 la situaci\u00f3n con su compatriota y sabe de su propia palabra que su preferencia es el Barcelona, sobre todo para no quedar mal con la afici\u00f3n Rojiblanca del<strong> Atl\u00e9tico de Madrid,<\/strong> sin embargo no descarta nada.<\/p>\n<p style=\"text-align: center;\"><a href=\"https:\/\/www.futboltotal.com.mx\/cambio-de-juego\/supercampeones-predicen-independencia-cataluna\/2017\/10\" target=\"_blank\" rel=\"noopener\">VER M\u00c1S: Supercampeones predicen independencia de Catalu\u00f1a<\/a><\/p>\n<p>El aspecto que lo llevar\u00eda a vestirse de blanco es que, adem\u00e1s de la cuesti\u00f3n econ\u00f3mica, est\u00e1 en busca de protagonismo y t\u00edtulos, pero quiere ser parte fundamental de los logros que tenga en el club. Esto lo lleva a cuestionarse qu\u00e9 pasar\u00e1 con \u00e9l en Barcelona, tendiendo por delante a <b>Leo<\/b>\u00a0<b>Messi,<\/b>\u00a0<b>Luis<\/b>\u00a0<b>Su\u00e1rez<\/b>\u00a0y\u00a0<b>Ousmane<\/b>\u00a0<b>Dembel\u00e9.<\/b><\/p>\n<p>Pero en el Real Madrid tiene al a BBC;\u00a0<b>Cristiano<\/b>\u00a0<b>Ronaldo,<\/b>\u00a0<b>Karim<\/b>\u00a0<b>Benzema<\/b>\u00a0y\u00a0<b>Gareth<\/b>\u00a0<b>Bale,\u00a0<\/b>adem\u00e1s de jugadores como\u00a0<b>Isco<\/b>\u00a0y\u00a0<b>Marco<\/b><b>Asensio<\/b>\u00a0que son los que est\u00e1n siempre en espera para tomar protagonismo, pero Florentino P\u00e9rez tendr\u00eda el movimiento perfecto para convencerle de llega a Madrid como estrella.<\/p>\n<p>El presidente del Real Madrid desea colocar al delantero de Gales,<strong> Gareth Bale<\/strong> en el <strong>Manchester United<\/strong> y guardarle ese lugar dentro del tridente ofensivo merengue a Griezmann, asegur\u00e1ndole la titularidad al atacante franc\u00e9s para acompa\u00f1ar a su compatriota, Karim Benzema y a Cristiano Ronaldo. Este cambio, adem\u00e1s de darle al futbolista, quitar\u00eda a los <strong>Red Devils<\/strong> del camino.<\/p>\n<p style=\"text-align: center;\"><a href=\"https:\/\/www.futboltotal.com.mx\/futbol-mexicano\/rafa-marquez-vuelve-a-jugar-lo-hacia-6-agosto\/2017\/10\" target=\"_blank\" rel=\"noopener\">VER M\u00c1S: Rafa M\u00e1rquez vuelve a jugar, no lo hac\u00eda desde el 6 de agosto<\/a><\/p>\n<p>&nbsp;<\/p>\n","protected":false},"excerpt":{"rendered":"<p>El franc\u00e9s es muy cotizado en el mercado y quiere un equipo protagonista<\/p>\n","protected":false},"author":159,"featured_media":507057,"comment_status":"closed","ping_status":"closed","sticky":false,"template":"","format":"standard","meta":[],"categories":[3839,3844],"tags":[5191,5984,6043,43,5988],"_links":{"self":[{"href":"http:\/\/desarrollo.grupomedios.com\/futbol\/wp-json\/wp\/v2\/posts\/507053"}],"collection":[{"href":"http:\/\/desarrollo.grupomedios.com\/futbol\/wp-json\/wp\/v2\/posts"}],"about":[{"href":"http:\/\/desarrollo.grupomedios.com\/futbol\/wp-json\/wp\/v2\/types\/post"}],"author":[{"embeddable":true,"href":"http:\/\/desarrollo.grupomedios.com\/futbol\/wp-json\/wp\/v2\/users\/159"}],"replies":[{"embeddable":true,"href":"http:\/\/desarrollo.grupomedios.com\/futbol\/wp-json\/wp\/v2\/comments?post=507053"}],"version-history":[{"count":1,"href":"http:\/\/desarrollo.grupomedios.com\/futbol\/wp-json\/wp\/v2\/posts\/507053\/revisions"}],"predecessor-version":[{"id":507059,"href":"http:\/\/desarrollo.grupomedios.com\/futbol\/wp-json\/wp\/v2\/posts\/507053\/revisions\/507059"}],"wp:featuredmedia":[{"embeddable":true,"href":"http:\/\/desarrollo.grupomedios.com\/futbol\/wp-json\/wp\/v2\/media\/507057"}],"wp:attachment":[{"href":"http:\/\/desarrollo.grupomedios.com\/futbol\/wp-json\/wp\/v2\/media?parent=507053"}],"wp:term":[{"taxonomy":"category","embeddable":true,"href":"http:\/\/desarrollo.grupomedios.com\/futbol\/wp-json\/wp\/v2\/categories?post=507053"},{"taxonomy":"post_tag","embeddable":true,"href":"http:\/\/desarrollo.grupomedios.com\/futbol\/wp-json\/wp\/v2\/tags?post=507053"}],"curies":[{"name":"wp","href":"https:\/\/api.w.org\/{rel}","templated":true}]}}