{"id":507139,"date":"2017-10-29T12:37:51","date_gmt":"2017-10-29T18:37:51","guid":{"rendered":"https:\/\/www.futboltotal.com.mx\/?p=507139"},"modified":"2017-10-29T12:37:51","modified_gmt":"2017-10-29T18:37:51","slug":"ozil-rechaza-renovacion-arsenal-manchester-united-destino","status":"publish","type":"post","link":"http:\/\/desarrollo.grupomedios.com\/futbol\/futbol-internacional\/ozil-rechaza-renovacion-arsenal-manchester-united-destino\/2017\/10","title":{"rendered":"\u00d6zil rechaza renovaci\u00f3n con el Arsenal y Manchester United ser\u00eda su destino"},"content":{"rendered":"<p><strong>Mesut \u00d6zil<\/strong> ha rechazado su renovaci\u00f3n con el<strong> Arsenal<\/strong> y <strong>Manchester United<\/strong> ser\u00eda su destino a partir del pr\u00f3ximo mercado de invierno, as\u00ed lo aseguran los medios en <strong>Inglaterra<\/strong>.<\/p>\n<p>El jugador alem\u00e1n ya estar\u00eda dispuesto a hacer sus maletas para reencontrarse con <strong>Jos\u00e9 Mourinho<\/strong> en los<strong> Red Devils<\/strong>, pues a pesar de que tiene contrato hasta junio de 2018, \u00d6zil no esperar\u00eda y en enero estar\u00eda cambiando su destino.<\/p>\n<p style=\"text-align: center;\"><span style=\"color: #3366ff;\"><a href=\"https:\/\/www.futboltotal.com.mx\/futbol-internacional\/eredivisie\/chucky-lozano-marca-doblete-en-triunfo-psv-vitesse\/2017\/10\">VER M\u00c1S: Chucky Lozano marca doblete en triunfo de PSV sobre Vitesse<\/a><\/span><\/p>\n<p>Los <strong>Gunners<\/strong> estar\u00edan aceptando la salida del mediocampista para poder recibir algunos ingresos por su salida, pues si saliera tras la <strong>Copa del Mundo de Rusia 2018<\/strong>, se marchar\u00eda completamente gratis.<\/p>\n<p>El Arsenal sigue ofreciendo contratos a \u00d6zil, mientras que el alem\u00e1n los rechaza. Su decisi\u00f3n est\u00e1 clara, y m\u00e1s a\u00fan con la peque\u00f1a ilusi\u00f3n de reencontrarse con Mourinho, el t\u00e9cnico que le llev\u00f3 al <strong>Real Madrid<\/strong>.<\/p>\n<p>Esta temporada \u00d6zil suma \u00fanicamente 478 minutos de juego, en los que ha conseguido un gol y una asistencia. El futbolista ha perdido un claro protagonismo en la entidad, en parte por toda la pol\u00e9mica derivada por su frustrada renovaci\u00f3n en verano.<\/p>\n<p style=\"text-align: center;\"><span style=\"color: #3366ff;\"><a href=\"https:\/\/www.futboltotal.com.mx\/futbol-internacional\/liga-de-espana\/girona-2-real-madrid-1-laliga-futbol-espanol-resumen\/2017\/10\">VER M\u00c1S: Girona da un golpe de autoridad y le pega al Real Madrid<\/a><\/span><\/p>\n","protected":false},"excerpt":{"rendered":"<p>El alem\u00e1n estar\u00eda harto de su situaci\u00f3n con los Gunners.<\/p>\n","protected":false},"author":129,"featured_media":505717,"comment_status":"closed","ping_status":"closed","sticky":false,"template":"","format":"standard","meta":[],"categories":[3839,3846],"tags":[6044,288,43,465,334],"_links":{"self":[{"href":"http:\/\/desarrollo.grupomedios.com\/futbol\/wp-json\/wp\/v2\/posts\/507139"}],"collection":[{"href":"http:\/\/desarrollo.grupomedios.com\/futbol\/wp-json\/wp\/v2\/posts"}],"about":[{"href":"http:\/\/desarrollo.grupomedios.com\/futbol\/wp-json\/wp\/v2\/types\/post"}],"author":[{"embeddable":true,"href":"http:\/\/desarrollo.grupomedios.com\/futbol\/wp-json\/wp\/v2\/users\/129"}],"replies":[{"embeddable":true,"href":"http:\/\/desarrollo.grupomedios.com\/futbol\/wp-json\/wp\/v2\/comments?post=507139"}],"version-history":[{"count":1,"href":"http:\/\/desarrollo.grupomedios.com\/futbol\/wp-json\/wp\/v2\/posts\/507139\/revisions"}],"predecessor-version":[{"id":507142,"href":"http:\/\/desarrollo.grupomedios.com\/futbol\/wp-json\/wp\/v2\/posts\/507139\/revisions\/507142"}],"wp:featuredmedia":[{"embeddable":true,"href":"http:\/\/desarrollo.grupomedios.com\/futbol\/wp-json\/wp\/v2\/media\/505717"}],"wp:attachment":[{"href":"http:\/\/desarrollo.grupomedios.com\/futbol\/wp-json\/wp\/v2\/media?parent=507139"}],"wp:term":[{"taxonomy":"category","embeddable":true,"href":"http:\/\/desarrollo.grupomedios.com\/futbol\/wp-json\/wp\/v2\/categories?post=507139"},{"taxonomy":"post_tag","embeddable":true,"href":"http:\/\/desarrollo.grupomedios.com\/futbol\/wp-json\/wp\/v2\/tags?post=507139"}],"curies":[{"name":"wp","href":"https:\/\/api.w.org\/{rel}","templated":true}]}}