{"id":507165,"date":"2017-10-29T15:51:12","date_gmt":"2017-10-29T21:51:12","guid":{"rendered":"https:\/\/www.futboltotal.com.mx\/?p=507165"},"modified":"2017-10-29T15:51:12","modified_gmt":"2017-10-29T21:51:12","slug":"parecemos-estupidos-paco-jemez-cruz-azul","status":"publish","type":"post","link":"http:\/\/desarrollo.grupomedios.com\/futbol\/futbol-mexicano\/parecemos-estupidos-paco-jemez-cruz-azul\/2017\/10","title":{"rendered":"Parecemos est\u00fapidos: Paco J\u00e9mez sobre Cruz Azul"},"content":{"rendered":"<p>El espa\u00f1ol <strong>Paco J\u00e9mez<\/strong>, t\u00e9cnico del <strong>Cruz Azul<\/strong> del f\u00fatbol mexicano, dijo hoy que su equipo, <span style=\"color: #3366ff;\"><a href=\"https:\/\/www.futboltotal.com.mx\/destacado-home\/cruz-azul-1-tigres-2-liga-mx-apertura-2017-resumen\/2017\/10\">que perdi\u00f3 por 1-2 ante el Tigres<\/a><\/span>, todav\u00eda depende de sus propios resultados para avanzar a la liguilla por el t\u00edtulo en el Apertura 2017, pero para estar en esa fase debe ganar sus dos \u00faltimos partidos.<\/p>\n<p>Con 21 puntos, el Cruz Azul qued\u00f3 en octavo lugar, \u00faltimo con pase a la liguilla, y espera el resultado del <strong>Tijuana<\/strong>, que tiene 18 puntos y este s\u00e1bado visita a las Chivas del Guadalajara, pero para jugar esa fase est\u00e1 obligado a ganar sus dos \u00faltimos partidos ante <strong>Morelia<\/strong> y <strong>Veracruz.<\/strong><\/p>\n<p style=\"text-align: center;\"><span style=\"color: #3366ff;\"><a href=\"https:\/\/www.futboltotal.com.mx\/futbol-mexicano\/higuera-quiere-a-mauro-boselli-a-chivas\/2017\/10\">VER M\u00c1S: Higuera quiere a Mauro Boselli a Chivas<\/a><\/span><\/p>\n<p>&#8220;Hoy era un partido en el que ten\u00edamos puestas muchas ilusiones pero todav\u00eda quedan dos partidos y todav\u00eda dependemos de nosotros&#8221;, dijo J\u00e9mez en conferencia de prensa tras el partido.<\/p>\n<p>&#8220;La situaci\u00f3n sigue siendo positiva para nosotros siempre y cuando ganemos&#8221;, a\u00f1adi\u00f3.<\/p>\n<p>J\u00e9mez dijo que en su escuadra &#8220;nadie va a tirar la toalla y vamos a seguir peleando hasta el final&#8221; al tiempo que record\u00f3 que desde la jornada uno hasta la decimoquinta su escuadra &#8220;ha estado siempre en zona de liguilla&#8221;.<\/p>\n<p style=\"text-align: center;\"><span style=\"color: #3366ff;\"><a href=\"https:\/\/www.futboltotal.com.mx\/futbol-internacional\/liga-de-espana\/girona-2-real-madrid-1-laliga-futbol-espanol-resumen\/2017\/10\">VER M\u00c1S: Girona da un golpe de autoridad y le pega al Real Madrid<\/a><\/span><\/p>\n<p>El estratega espa\u00f1ol solt\u00f3 otra de su pol\u00e9micas frases al decir de su equipo &#8220;parecemos est\u00fapidos, cuando el contrario no nos crea oportunidades, nosotros le damos opciones favorables (&#8230;) estamos preparados para luchar contra el rival pero no contra nosotros mismos y no est\u00e1n faltando muchos detalles&#8221;. EFE<\/p>\n","protected":false},"excerpt":{"rendered":"<p>El espa\u00f1ol volvi\u00f3 a hacer sus pol\u00e9micas declaraciones.<\/p>\n","protected":false},"author":129,"featured_media":507166,"comment_status":"closed","ping_status":"closed","sticky":false,"template":"","format":"standard","meta":[],"categories":[2198,3845],"tags":[5962,3883,64,7053],"_links":{"self":[{"href":"http:\/\/desarrollo.grupomedios.com\/futbol\/wp-json\/wp\/v2\/posts\/507165"}],"collection":[{"href":"http:\/\/desarrollo.grupomedios.com\/futbol\/wp-json\/wp\/v2\/posts"}],"about":[{"href":"http:\/\/desarrollo.grupomedios.com\/futbol\/wp-json\/wp\/v2\/types\/post"}],"author":[{"embeddable":true,"href":"http:\/\/desarrollo.grupomedios.com\/futbol\/wp-json\/wp\/v2\/users\/129"}],"replies":[{"embeddable":true,"href":"http:\/\/desarrollo.grupomedios.com\/futbol\/wp-json\/wp\/v2\/comments?post=507165"}],"version-history":[{"count":1,"href":"http:\/\/desarrollo.grupomedios.com\/futbol\/wp-json\/wp\/v2\/posts\/507165\/revisions"}],"predecessor-version":[{"id":507167,"href":"http:\/\/desarrollo.grupomedios.com\/futbol\/wp-json\/wp\/v2\/posts\/507165\/revisions\/507167"}],"wp:featuredmedia":[{"embeddable":true,"href":"http:\/\/desarrollo.grupomedios.com\/futbol\/wp-json\/wp\/v2\/media\/507166"}],"wp:attachment":[{"href":"http:\/\/desarrollo.grupomedios.com\/futbol\/wp-json\/wp\/v2\/media?parent=507165"}],"wp:term":[{"taxonomy":"category","embeddable":true,"href":"http:\/\/desarrollo.grupomedios.com\/futbol\/wp-json\/wp\/v2\/categories?post=507165"},{"taxonomy":"post_tag","embeddable":true,"href":"http:\/\/desarrollo.grupomedios.com\/futbol\/wp-json\/wp\/v2\/tags?post=507165"}],"curies":[{"name":"wp","href":"https:\/\/api.w.org\/{rel}","templated":true}]}}