{"id":507174,"date":"2017-10-29T17:23:12","date_gmt":"2017-10-29T23:23:12","guid":{"rendered":"https:\/\/www.futboltotal.com.mx\/?p=507174"},"modified":"2017-10-29T17:23:12","modified_gmt":"2017-10-29T23:23:12","slug":"los-famosos-asistieron-al-gran-premio-mexico","status":"publish","type":"post","link":"http:\/\/desarrollo.grupomedios.com\/futbol\/galerias\/los-famosos-asistieron-al-gran-premio-mexico\/2017\/10","title":{"rendered":"Los famosos que asistieron al Gran Premio de M\u00e9xico"},"content":{"rendered":"<p>Este domingo se llev\u00f3 a cabo del<strong> GP de M\u00e9xico de la F\u00f3rmula 1<\/strong> y cada vez va dejando claro que es uno de los eventos m\u00e1s importantes dentro del pa\u00eds.<\/p>\n<p>Pues este d\u00eda, y al igual que en las dos ediciones anteriores, el <strong>Aut\u00f3dromo Hermanos Rodr\u00edguez<\/strong> dej\u00f3 ver a los famosos que asistieron al <strong>Gran Premio de M\u00e9xico<\/strong> y se dieron cita para presenciar del evento automovil\u00edstico.<\/p>\n<p style=\"text-align: center;\"><span style=\"color: #3366ff;\"><a href=\"https:\/\/www.futboltotal.com.mx\/no-todo-es-futbol\/autos\/lewis-hamilton-campeon-del-mundo-la-formula-1-en-gp-mexico\/2017\/10\">VER M\u00c1S: Lewis Hamilton es Campe\u00f3n del Mundo de la F\u00f3rmula 1 en el GP de M\u00e9xico<\/a><\/span><\/p>\n<div id=\"attachment_507175\" style=\"width: 1210px\" class=\"wp-caption aligncenter\"><img aria-describedby=\"caption-attachment-507175\" decoding=\"async\" loading=\"lazy\" class=\"wp-image-507175 size-full\" src=\"https:\/\/www.futboltotal.com.mx\/wp-content\/uploads\/2017\/10\/saul-canelo-alvarez-gpmex.jpg\" alt=\"Emilio Azc\u00e1rraga en el Gran Premio de M\u00e9xico.\" srcset=\"http:\/\/desarrollo.grupomedios.com\/futbol\/wp-content\/uploads\/2017\/10\/saul-canelo-alvarez-gpmex.jpg 1200w, http:\/\/desarrollo.grupomedios.com\/futbol\/wp-content\/uploads\/2017\/10\/saul-canelo-alvarez-gpmex-300x225.jpg 300w, http:\/\/desarrollo.grupomedios.com\/futbol\/wp-content\/uploads\/2017\/10\/saul-canelo-alvarez-gpmex-768x576.jpg 768w, http:\/\/desarrollo.grupomedios.com\/futbol\/wp-content\/uploads\/2017\/10\/saul-canelo-alvarez-gpmex-1024x768.jpg 1024w\" sizes=\"(max-width: 1200px) 100vw, 1200px\" \/><p id=\"caption-attachment-507175\" class=\"wp-caption-text\">Emilio Azc\u00e1rraga en el Gran Premio de M\u00e9xico.<\/p><\/div>\n<div id=\"attachment_507176\" style=\"width: 1210px\" class=\"wp-caption aligncenter\"><img aria-describedby=\"caption-attachment-507176\" decoding=\"async\" loading=\"lazy\" class=\"wp-image-507176 size-full\" src=\"https:\/\/www.futboltotal.com.mx\/wp-content\/uploads\/2017\/10\/saul-canelo-alvarez.jpg\" alt=\"Sa\u00fal Canelo \u00c1lvarez tambi\u00e9n estuvo presente en el GP de M\u00e9xico.\" srcset=\"http:\/\/desarrollo.grupomedios.com\/futbol\/wp-content\/uploads\/2017\/10\/saul-canelo-alvarez.jpg 1200w, http:\/\/desarrollo.grupomedios.com\/futbol\/wp-content\/uploads\/2017\/10\/saul-canelo-alvarez-300x225.jpg 300w, http:\/\/desarrollo.grupomedios.com\/futbol\/wp-content\/uploads\/2017\/10\/saul-canelo-alvarez-768x576.jpg 768w, http:\/\/desarrollo.grupomedios.com\/futbol\/wp-content\/uploads\/2017\/10\/saul-canelo-alvarez-1024x768.jpg 1024w\" sizes=\"(max-width: 1200px) 100vw, 1200px\" \/><p id=\"caption-attachment-507176\" class=\"wp-caption-text\">Sa\u00fal Canelo \u00c1lvarez tambi\u00e9n estuvo presente en el GP de M\u00e9xico.<\/p><\/div>\n<div id=\"attachment_507177\" style=\"width: 1210px\" class=\"wp-caption aligncenter\"><img aria-describedby=\"caption-attachment-507177\" decoding=\"async\" loading=\"lazy\" class=\"wp-image-507177 size-full\" src=\"https:\/\/www.futboltotal.com.mx\/wp-content\/uploads\/2017\/10\/oribe-peralta-gp-mexico.jpg\" alt=\"El jugador del Am\u00e9rica, Oribe Peralta, tambi\u00e9n estuvo entre los asistentes.\" srcset=\"http:\/\/desarrollo.grupomedios.com\/futbol\/wp-content\/uploads\/2017\/10\/oribe-peralta-gp-mexico.jpg 1200w, http:\/\/desarrollo.grupomedios.com\/futbol\/wp-content\/uploads\/2017\/10\/oribe-peralta-gp-mexico-300x225.jpg 300w, http:\/\/desarrollo.grupomedios.com\/futbol\/wp-content\/uploads\/2017\/10\/oribe-peralta-gp-mexico-768x576.jpg 768w, http:\/\/desarrollo.grupomedios.com\/futbol\/wp-content\/uploads\/2017\/10\/oribe-peralta-gp-mexico-1024x768.jpg 1024w\" sizes=\"(max-width: 1200px) 100vw, 1200px\" \/><p id=\"caption-attachment-507177\" class=\"wp-caption-text\">El jugador del Am\u00e9rica, Oribe Peralta, tambi\u00e9n estuvo entre los asistentes.<\/p><\/div>\n<div id=\"attachment_507178\" style=\"width: 1210px\" class=\"wp-caption aligncenter\"><img aria-describedby=\"caption-attachment-507178\" decoding=\"async\" loading=\"lazy\" class=\"wp-image-507178 size-full\" src=\"https:\/\/www.futboltotal.com.mx\/wp-content\/uploads\/2017\/10\/giovani-dos-santos-gp-mexico.jpg\" alt=\"El futbolista del Galaxy, Giovani Dos Santos, viaj\u00f3 de Los \u00c1ngeles a M\u00e9xico para disfrutar de la F\u00f3rmula 1.\" srcset=\"http:\/\/desarrollo.grupomedios.com\/futbol\/wp-content\/uploads\/2017\/10\/giovani-dos-santos-gp-mexico.jpg 1200w, http:\/\/desarrollo.grupomedios.com\/futbol\/wp-content\/uploads\/2017\/10\/giovani-dos-santos-gp-mexico-300x225.jpg 300w, http:\/\/desarrollo.grupomedios.com\/futbol\/wp-content\/uploads\/2017\/10\/giovani-dos-santos-gp-mexico-768x576.jpg 768w, http:\/\/desarrollo.grupomedios.com\/futbol\/wp-content\/uploads\/2017\/10\/giovani-dos-santos-gp-mexico-1024x768.jpg 1024w\" sizes=\"(max-width: 1200px) 100vw, 1200px\" \/><p id=\"caption-attachment-507178\" class=\"wp-caption-text\">El futbolista del Galaxy, Giovani Dos Santos, viaj\u00f3 de Los \u00c1ngeles a M\u00e9xico para disfrutar de la F\u00f3rmula 1.<\/p><\/div>\n","protected":false},"excerpt":{"rendered":"<p>Mira a los personajes que se dieron cita a la F\u00f3rmula 1.<\/p>\n","protected":false},"author":129,"featured_media":507179,"comment_status":"closed","ping_status":"closed","sticky":false,"template":"","format":"standard","meta":[],"categories":[5810,7570,3,5418,6411],"tags":[3709,5493,6403,6302,3863,62,8537],"_links":{"self":[{"href":"http:\/\/desarrollo.grupomedios.com\/futbol\/wp-json\/wp\/v2\/posts\/507174"}],"collection":[{"href":"http:\/\/desarrollo.grupomedios.com\/futbol\/wp-json\/wp\/v2\/posts"}],"about":[{"href":"http:\/\/desarrollo.grupomedios.com\/futbol\/wp-json\/wp\/v2\/types\/post"}],"author":[{"embeddable":true,"href":"http:\/\/desarrollo.grupomedios.com\/futbol\/wp-json\/wp\/v2\/users\/129"}],"replies":[{"embeddable":true,"href":"http:\/\/desarrollo.grupomedios.com\/futbol\/wp-json\/wp\/v2\/comments?post=507174"}],"version-history":[{"count":1,"href":"http:\/\/desarrollo.grupomedios.com\/futbol\/wp-json\/wp\/v2\/posts\/507174\/revisions"}],"predecessor-version":[{"id":507180,"href":"http:\/\/desarrollo.grupomedios.com\/futbol\/wp-json\/wp\/v2\/posts\/507174\/revisions\/507180"}],"wp:featuredmedia":[{"embeddable":true,"href":"http:\/\/desarrollo.grupomedios.com\/futbol\/wp-json\/wp\/v2\/media\/507179"}],"wp:attachment":[{"href":"http:\/\/desarrollo.grupomedios.com\/futbol\/wp-json\/wp\/v2\/media?parent=507174"}],"wp:term":[{"taxonomy":"category","embeddable":true,"href":"http:\/\/desarrollo.grupomedios.com\/futbol\/wp-json\/wp\/v2\/categories?post=507174"},{"taxonomy":"post_tag","embeddable":true,"href":"http:\/\/desarrollo.grupomedios.com\/futbol\/wp-json\/wp\/v2\/tags?post=507174"}],"curies":[{"name":"wp","href":"https:\/\/api.w.org\/{rel}","templated":true}]}}