{"id":507223,"date":"2017-10-30T07:42:40","date_gmt":"2017-10-30T13:42:40","guid":{"rendered":"https:\/\/www.futboltotal.com.mx\/?p=507223"},"modified":"2017-10-30T07:42:40","modified_gmt":"2017-10-30T13:42:40","slug":"en-real-madrid-me-trataron-nino-alvaro-morata","status":"publish","type":"post","link":"http:\/\/desarrollo.grupomedios.com\/futbol\/futbol-internacional\/en-real-madrid-me-trataron-nino-alvaro-morata\/2017\/10","title":{"rendered":"En el Real Madrid me trataron como si fuera un ni\u00f1o: Morata"},"content":{"rendered":"<p><strong>\u00c1lvaro Morata<\/strong> dej\u00f3 un mensaje de arrepentimiento por haber vuelto por &#8220;acuerdos contractuales&#8221; al <strong>Real Madrid<\/strong>, tras dos temporadas en el <strong>Juventus<\/strong> italiano, y asegur\u00f3 que le &#8220;trataron como el ni\u00f1o que era&#8221; antes de marcharse y que por su &#8220;desilusi\u00f3n&#8221; decidi\u00f3 firmar por el <strong>Chelsea<\/strong>.<\/p>\n<p>&#8220;Hab\u00eda acuerdos contractuales que respetar&#8221;, justific\u00f3 Morata en <em>La Gazzetta dello Sport<\/em> como el punto clave para dejar el Juventus y regresar al Real Madrid. &#8220;La desilusi\u00f3n fue enorme. Volv\u00ed al punto de partida. Me trataron como el ni\u00f1o que era antes de las dos temporadas en Italia&#8221;, a\u00f1adi\u00f3.<\/p>\n<p style=\"text-align: center;\"><span style=\"color: #3366ff;\"><a href=\"https:\/\/www.futboltotal.com.mx\/futbol-internacional\/liga-de-inglaterra\/ozil-rechaza-renovacion-arsenal-manchester-united-destino\/2017\/10\">VER M\u00c1S: \u00d6zil rechaza renovaci\u00f3n con el Arsenal y Manchester United ser\u00eda su destino<\/a><\/span><\/p>\n<p>Morata confes\u00f3 que echa de menos Italia. &#8220;Llegu\u00e9 siendo un ni\u00f1o y volv\u00ed siendo un jugador de verdad. Nunca me habr\u00eda ido de Italia y la Juve. Echo mucho de menos Italia. A mi esposa le gustar\u00eda vivir en Espa\u00f1a y a m\u00ed en Italia&#8221;.<\/p>\n<p>Y las razones por las que se decant\u00f3 por irse al Chelsea ingl\u00e9s. &#8220;Estaba un entrenador como Antonio Conte. Hab\u00edamos empezado a hablar de un eventual fichaje la primavera anterior y al final llegu\u00e9 a Londres&#8221;.<\/p>\n<p>&#8220;Cuando le conoc\u00ed no tuve problemas para entender su idea del f\u00fatbol. He sido muy bien recibido por mis compa\u00f1eros del Chelsea, habiendo un grupo espa\u00f1ol con<strong> Azpilicueta,<\/strong> <strong>Marcos Alonso<\/strong>, <strong>Cesc<\/strong> y <strong>Pedro<\/strong>, las cosas se hicieron m\u00e1s f\u00e1ciles. Adem\u00e1s, mi esposa se vino conmigo&#8221;, sentenci\u00f3 destacando lo adaptado que est\u00e1 a su nueva vida. EFE<\/p>\n<p style=\"text-align: center;\"><span style=\"color: #3366ff;\"><a href=\"https:\/\/www.futboltotal.com.mx\/futbol-internacional\/eredivisie\/philip-cocu-llena-elogios-a-chucky-lozano\/2017\/10\">VER M\u00c1S: Philip Cocu llena de elogios a Chucky Lozano<\/a><\/span><\/p>\n","protected":false},"excerpt":{"rendered":"<p>El delantero espa\u00f1ol lamenta haber dejado Italia.<\/p>\n","protected":false},"author":129,"featured_media":507224,"comment_status":"closed","ping_status":"closed","sticky":false,"template":"","format":"standard","meta":[],"categories":[3839,3846],"tags":[3001,2354,5981,292,5999,5988],"_links":{"self":[{"href":"http:\/\/desarrollo.grupomedios.com\/futbol\/wp-json\/wp\/v2\/posts\/507223"}],"collection":[{"href":"http:\/\/desarrollo.grupomedios.com\/futbol\/wp-json\/wp\/v2\/posts"}],"about":[{"href":"http:\/\/desarrollo.grupomedios.com\/futbol\/wp-json\/wp\/v2\/types\/post"}],"author":[{"embeddable":true,"href":"http:\/\/desarrollo.grupomedios.com\/futbol\/wp-json\/wp\/v2\/users\/129"}],"replies":[{"embeddable":true,"href":"http:\/\/desarrollo.grupomedios.com\/futbol\/wp-json\/wp\/v2\/comments?post=507223"}],"version-history":[{"count":1,"href":"http:\/\/desarrollo.grupomedios.com\/futbol\/wp-json\/wp\/v2\/posts\/507223\/revisions"}],"predecessor-version":[{"id":507225,"href":"http:\/\/desarrollo.grupomedios.com\/futbol\/wp-json\/wp\/v2\/posts\/507223\/revisions\/507225"}],"wp:featuredmedia":[{"embeddable":true,"href":"http:\/\/desarrollo.grupomedios.com\/futbol\/wp-json\/wp\/v2\/media\/507224"}],"wp:attachment":[{"href":"http:\/\/desarrollo.grupomedios.com\/futbol\/wp-json\/wp\/v2\/media?parent=507223"}],"wp:term":[{"taxonomy":"category","embeddable":true,"href":"http:\/\/desarrollo.grupomedios.com\/futbol\/wp-json\/wp\/v2\/categories?post=507223"},{"taxonomy":"post_tag","embeddable":true,"href":"http:\/\/desarrollo.grupomedios.com\/futbol\/wp-json\/wp\/v2\/tags?post=507223"}],"curies":[{"name":"wp","href":"https:\/\/api.w.org\/{rel}","templated":true}]}}