{"id":507229,"date":"2017-10-30T08:39:35","date_gmt":"2017-10-30T14:39:35","guid":{"rendered":"https:\/\/www.futboltotal.com.mx\/?p=507229"},"modified":"2017-10-30T12:05:12","modified_gmt":"2017-10-30T18:05:12","slug":"portero-mexicano-te-gustaria-supliera-a-cota-en-chivas","status":"publish","type":"post","link":"http:\/\/desarrollo.grupomedios.com\/futbol\/futbol-mexicano\/portero-mexicano-te-gustaria-supliera-a-cota-en-chivas\/2017\/10","title":{"rendered":"\u00bfQu\u00e9 portero mexicano te gustar\u00eda que supliera a Cota en Chivas?"},"content":{"rendered":"<p>Luego de que <strong>Pachuca<\/strong> pusiera un elevado precio a <strong>Chivas<\/strong> para que se hiciera de <strong>Rodolfo Cota<\/strong>, el t\u00e9cnico del <strong>Reba\u00f1o,<\/strong> <strong>Mat\u00edas Almeyda<\/strong>, <span style=\"color: #3366ff;\"><a href=\"https:\/\/www.futboltotal.com.mx\/futbol-mexicano\/matias-almeyda-confiesa-imposible-pagar-precio-rodolfo-cota\/2017\/10\" target=\"_blank\" rel=\"noopener\">confes\u00f3 que es dif\u00edcil adquirir al portero<\/a><\/span>.<\/p>\n<p>Es por ello que tras las palabras de Almeyda y la complicada situaci\u00f3n para el Reba\u00f1o, en<strong> Futbol Total<\/strong> te preguntamos: \u00bfQu\u00e9 portero mexicano te gustar\u00eda que supliera a Cota en Chivas?<\/p>\n<p style=\"text-align: center;\"><span style=\"color: #3366ff;\"><a href=\"https:\/\/www.futboltotal.com.mx\/futbol-mexicano\/liga-mx\/matias-almeyda-confiesa-imposible-pagar-precio-rodolfo-cota\/2017\/10\">VER M\u00c1S: Almeyda confiesa que es imposible pagar precio de Cota<\/a><\/span><\/p>\n<p><script type=\"text\/javascript\" src=\"\/\/cdn.playbuzz.com\/widget\/feed.js\"><\/script><\/p>\n<div class=\"pb_feed\" data-embed-by=\"d43f3879-83ed-40bc-99d7-fde80605466f\" data-item=\"057ca9d7-e288-436e-a4b0-9ce3a3663f68\" data-recommend=\"false\" data-game-info=\"false\" data-comments=\"false\" data-shares=\"false\" data-version=\"2\"><\/div>\n","protected":false},"excerpt":{"rendered":"<p>\u00bfQui\u00e9n ser\u00eda opci\u00f3n para Chivas luego de la posible salida de Cota?<\/p>\n","protected":false},"author":129,"featured_media":507231,"comment_status":"closed","ping_status":"closed","sticky":false,"template":"","format":"standard","meta":[],"categories":[7570,2198,3845],"tags":[70,3883,5963,64,1420,989,6920],"_links":{"self":[{"href":"http:\/\/desarrollo.grupomedios.com\/futbol\/wp-json\/wp\/v2\/posts\/507229"}],"collection":[{"href":"http:\/\/desarrollo.grupomedios.com\/futbol\/wp-json\/wp\/v2\/posts"}],"about":[{"href":"http:\/\/desarrollo.grupomedios.com\/futbol\/wp-json\/wp\/v2\/types\/post"}],"author":[{"embeddable":true,"href":"http:\/\/desarrollo.grupomedios.com\/futbol\/wp-json\/wp\/v2\/users\/129"}],"replies":[{"embeddable":true,"href":"http:\/\/desarrollo.grupomedios.com\/futbol\/wp-json\/wp\/v2\/comments?post=507229"}],"version-history":[{"count":1,"href":"http:\/\/desarrollo.grupomedios.com\/futbol\/wp-json\/wp\/v2\/posts\/507229\/revisions"}],"predecessor-version":[{"id":507233,"href":"http:\/\/desarrollo.grupomedios.com\/futbol\/wp-json\/wp\/v2\/posts\/507229\/revisions\/507233"}],"wp:featuredmedia":[{"embeddable":true,"href":"http:\/\/desarrollo.grupomedios.com\/futbol\/wp-json\/wp\/v2\/media\/507231"}],"wp:attachment":[{"href":"http:\/\/desarrollo.grupomedios.com\/futbol\/wp-json\/wp\/v2\/media?parent=507229"}],"wp:term":[{"taxonomy":"category","embeddable":true,"href":"http:\/\/desarrollo.grupomedios.com\/futbol\/wp-json\/wp\/v2\/categories?post=507229"},{"taxonomy":"post_tag","embeddable":true,"href":"http:\/\/desarrollo.grupomedios.com\/futbol\/wp-json\/wp\/v2\/tags?post=507229"}],"curies":[{"name":"wp","href":"https:\/\/api.w.org\/{rel}","templated":true}]}}