{"id":507246,"date":"2017-10-30T11:54:00","date_gmt":"2017-10-30T17:54:00","guid":{"rendered":"https:\/\/www.futboltotal.com.mx\/?p=507246"},"modified":"2017-10-30T12:04:31","modified_gmt":"2017-10-30T18:04:31","slug":"apertura-2017-titulo-goleo-apretada-en-ultimos-anos","status":"publish","type":"post","link":"http:\/\/desarrollo.grupomedios.com\/futbol\/destacado-home\/apertura-2017-titulo-goleo-apretada-en-ultimos-anos\/2017\/10","title":{"rendered":"Apertura 2017, \u00bfLa lucha por el t\u00edtulo de goleo m\u00e1s apretada de los \u00faltimos a\u00f1os?"},"content":{"rendered":"<p>El torneo de <strong>Apertura 2017<\/strong> de la <strong>Liga MX<\/strong> vive su cierre en la Fase Regular y adem\u00e1s de los equipos que buscan clasificar a la <strong>Liguilla<\/strong>, la lucha por el t\u00edtulo de goleo tambi\u00e9n se ha puesto caliente.<\/p>\n<p>Y es que tras la Jornada 15, el delantero de <strong>Le\u00f3n<\/strong>, <strong>Mauro Boselli,<\/strong> se despeg\u00f3 dos goles de <strong>Avil\u00e9s Hurtado<\/strong>, que anot\u00f3 y hab\u00eda apretado la lucha por el campeonato de goleo y apret\u00e1ndolo m\u00e1s rumbo a las \u00faltimas dos fechas que queden por disputarse.<\/p>\n<p style=\"text-align: center;\"><span style=\"color: #3366ff;\"><a href=\"https:\/\/www.futboltotal.com.mx\/futbol-mexicano\/liga-mx\/11-ideal-la-jornada-15-del-apertura-2017-la-liga-mx\/2017\/10\">VER M\u00c1S: El 11 ideal de la Jornada 15 del Apertura 2017 de la Liga MX<\/a><\/span><\/p>\n<p><img decoding=\"async\" loading=\"lazy\" class=\"size-full wp-image-507250 aligncenter\" src=\"https:\/\/www.futboltotal.com.mx\/wp-content\/uploads\/2017\/10\/Screen-Shot-2017-10-30-at-10.57.09-AM.png\" alt=\"Apertura 2017, \u00bfLa lucha por el t\u00edtulo de goleo m\u00e1s apretada de los \u00faltimos a\u00f1os? 0\" srcset=\"http:\/\/desarrollo.grupomedios.com\/futbol\/wp-content\/uploads\/2017\/10\/Screen-Shot-2017-10-30-at-10.57.09-AM.png 776w, http:\/\/desarrollo.grupomedios.com\/futbol\/wp-content\/uploads\/2017\/10\/Screen-Shot-2017-10-30-at-10.57.09-AM-300x254.png 300w, http:\/\/desarrollo.grupomedios.com\/futbol\/wp-content\/uploads\/2017\/10\/Screen-Shot-2017-10-30-at-10.57.09-AM-768x650.png 768w\" sizes=\"(max-width: 776px) 100vw, 776px\" \/><\/p>\n<p>Al igual que en las \u00faltimas ediciones, parece que el t\u00edtulo de goleo se definir\u00e1 en la \u00faltima jornada del <strong>Apertura 2017<\/strong>, pues todav\u00eda existen hasta seis jugadores con la posibilidad de alcanzar al argentino de La Fiera.<\/p>\n<p>En el Clausura 2017, el peruano <strong>Ra\u00fal Ruid\u00edaz<\/strong> se llev\u00f3 el campeonato del \u00faltimo minuto. La anotaci\u00f3n del delantero de <strong>Monarcas<\/strong> signific\u00f3 un doble festejo, pues adem\u00e1s de ser m\u00e1ximo goleador, tambi\u00e9n permiti\u00f3 que <strong>Morelia<\/strong> se salvara del descenso.<\/p>\n<p><img decoding=\"async\" loading=\"lazy\" class=\"size-full wp-image-507253 aligncenter\" src=\"https:\/\/www.futboltotal.com.mx\/wp-content\/uploads\/2017\/10\/goleadores-clausura-2017.jpg\" alt=\"Apertura 2017, \u00bfLa lucha por el t\u00edtulo de goleo m\u00e1s apretada de los \u00faltimos a\u00f1os? 1\" srcset=\"http:\/\/desarrollo.grupomedios.com\/futbol\/wp-content\/uploads\/2017\/10\/goleadores-clausura-2017.jpg 858w, http:\/\/desarrollo.grupomedios.com\/futbol\/wp-content\/uploads\/2017\/10\/goleadores-clausura-2017-300x251.jpg 300w, http:\/\/desarrollo.grupomedios.com\/futbol\/wp-content\/uploads\/2017\/10\/goleadores-clausura-2017-768x644.jpg 768w\" sizes=\"(max-width: 858px) 100vw, 858px\" \/><\/p>\n<p>La llegada del peruano le hizo bien a la Liga MX, pues ya ha quedado como Bicampe\u00f3n del torneo y en su primera aparici\u00f3n en el futbol mexicano se destap\u00f3 con 11 goles para empatar el campeonato con<strong> Dayro Moreno<\/strong>. En aquella edici\u00f3n del torneo de Apertura 2017, tambi\u00e9n vio una re\u00f1ida competencia, aunque no todos llegaron con posibilidad de quedarse con el t\u00edtulo.<\/p>\n<p><img decoding=\"async\" loading=\"lazy\" class=\"size-full wp-image-507252 aligncenter\" src=\"https:\/\/www.futboltotal.com.mx\/wp-content\/uploads\/2017\/10\/goleadores-apertura-2016.jpg\" alt=\"Apertura 2017, \u00bfLa lucha por el t\u00edtulo de goleo m\u00e1s apretada de los \u00faltimos a\u00f1os? 2\" srcset=\"http:\/\/desarrollo.grupomedios.com\/futbol\/wp-content\/uploads\/2017\/10\/goleadores-apertura-2016.jpg 841w, http:\/\/desarrollo.grupomedios.com\/futbol\/wp-content\/uploads\/2017\/10\/goleadores-apertura-2016-300x256.jpg 300w, http:\/\/desarrollo.grupomedios.com\/futbol\/wp-content\/uploads\/2017\/10\/goleadores-apertura-2016-768x657.jpg 768w\" sizes=\"(max-width: 841px) 100vw, 841px\" \/><\/p>\n<p>Fue el Apertura 2015 cuando <strong>Andr\u00e9-Pierre Gignac<\/strong> y varios delanteros extranjeros se dedicaron a romper las redes del futbol mexicano, pues ha sido una de las cuotas m\u00e1s altas en las \u00faltimas temporadas y de las m\u00e1s re\u00f1idas, ya que hubo hasta seis jugadores que terminaron con 10 goles y se quedaron cerca del franc\u00e9s y <strong>Emanuel Villa.<\/strong><\/p>\n<p><img decoding=\"async\" loading=\"lazy\" class=\"size-full wp-image-507251 aligncenter\" src=\"https:\/\/www.futboltotal.com.mx\/wp-content\/uploads\/2017\/10\/goleadores-apertura-2015.jpg\" alt=\"Apertura 2017, \u00bfLa lucha por el t\u00edtulo de goleo m\u00e1s apretada de los \u00faltimos a\u00f1os? 3\" srcset=\"http:\/\/desarrollo.grupomedios.com\/futbol\/wp-content\/uploads\/2017\/10\/goleadores-apertura-2015.jpg 858w, http:\/\/desarrollo.grupomedios.com\/futbol\/wp-content\/uploads\/2017\/10\/goleadores-apertura-2015-258x300.jpg 258w, http:\/\/desarrollo.grupomedios.com\/futbol\/wp-content\/uploads\/2017\/10\/goleadores-apertura-2015-768x894.jpg 768w\" sizes=\"(max-width: 858px) 100vw, 858px\" \/><\/p>\n<p>&nbsp;<\/p>\n","protected":false},"excerpt":{"rendered":"<p>As\u00ed han sido los \u00faltimos cierres con los campeones de goleo.<\/p>\n","protected":false},"author":129,"featured_media":507258,"comment_status":"closed","ping_status":"closed","sticky":false,"template":"","format":"standard","meta":[],"categories":[5,2198,3845],"tags":[5564,2069,4244,3586,3883,64,710,3863,7620,6597,6803],"_links":{"self":[{"href":"http:\/\/desarrollo.grupomedios.com\/futbol\/wp-json\/wp\/v2\/posts\/507246"}],"collection":[{"href":"http:\/\/desarrollo.grupomedios.com\/futbol\/wp-json\/wp\/v2\/posts"}],"about":[{"href":"http:\/\/desarrollo.grupomedios.com\/futbol\/wp-json\/wp\/v2\/types\/post"}],"author":[{"embeddable":true,"href":"http:\/\/desarrollo.grupomedios.com\/futbol\/wp-json\/wp\/v2\/users\/129"}],"replies":[{"embeddable":true,"href":"http:\/\/desarrollo.grupomedios.com\/futbol\/wp-json\/wp\/v2\/comments?post=507246"}],"version-history":[{"count":1,"href":"http:\/\/desarrollo.grupomedios.com\/futbol\/wp-json\/wp\/v2\/posts\/507246\/revisions"}],"predecessor-version":[{"id":507259,"href":"http:\/\/desarrollo.grupomedios.com\/futbol\/wp-json\/wp\/v2\/posts\/507246\/revisions\/507259"}],"wp:featuredmedia":[{"embeddable":true,"href":"http:\/\/desarrollo.grupomedios.com\/futbol\/wp-json\/wp\/v2\/media\/507258"}],"wp:attachment":[{"href":"http:\/\/desarrollo.grupomedios.com\/futbol\/wp-json\/wp\/v2\/media?parent=507246"}],"wp:term":[{"taxonomy":"category","embeddable":true,"href":"http:\/\/desarrollo.grupomedios.com\/futbol\/wp-json\/wp\/v2\/categories?post=507246"},{"taxonomy":"post_tag","embeddable":true,"href":"http:\/\/desarrollo.grupomedios.com\/futbol\/wp-json\/wp\/v2\/tags?post=507246"}],"curies":[{"name":"wp","href":"https:\/\/api.w.org\/{rel}","templated":true}]}}