{"id":507249,"date":"2017-10-30T11:11:04","date_gmt":"2017-10-30T17:11:04","guid":{"rendered":"https:\/\/www.futboltotal.com.mx\/?p=507249"},"modified":"2017-10-30T12:48:49","modified_gmt":"2017-10-30T18:48:49","slug":"zach-miller-bears-sufre-terrible-lesion-puede-perder-pierna","status":"publish","type":"post","link":"http:\/\/desarrollo.grupomedios.com\/futbol\/no-todo-es-futbol\/zach-miller-bears-sufre-terrible-lesion-puede-perder-pierna\/2017\/10","title":{"rendered":"Zach Miller de Bears sufre terrible lesi\u00f3n y puede perder pierna"},"content":{"rendered":"<p><strong>POR: STAFF FT<\/strong><\/p>\n<p>El mundo de la <strong>NFL<\/strong> presenci\u00f3 una acci\u00f3n escalofriante, la terrible lesi\u00f3n que sufri\u00f3 <strong>Zach Miller<\/strong>, jugador de los <strong>Chicago Bears<\/strong>, quien durante el partido ante los <strong>New Orleans Saints<\/strong> protagoniz\u00f3 una acci\u00f3n por la que incluso podr\u00eda perder su pierna izquierda.<\/p>\n<p>La jugada sucedi\u00f3 en el tercer cuarto durante un lanzamiento del quarterback\u00a0<strong>Mitchell Trubisky\u00a0<\/strong>a la zona de anotaci\u00f3n que fue atrapado por Miller, quien al pisar con el pie izquierdo sufri\u00f3 una dislocaci\u00f3n de r\u00f3tula escalofriante a la vista, pero a\u00fan peor una vez que fue revisado por los doctores, ya que se vio afectada una arteria.<\/p>\n<p style=\"text-align: center;\"><a href=\"https:\/\/www.futboltotal.com.mx\/no-todo-es-futbol\/beisbol\/astros-vence-a-los-dodgers-se-acerca-al-titulo-serie-mundial\/2017\/10\" target=\"_blank\" rel=\"noopener\"><span style=\"color: #333399;\">VER M\u00c1S: Astros vencen a Dodgers y est\u00e1n a un triunfo de ganar la Serie Mundial<\/span><\/a><\/p>\n<p>&nbsp;<\/p>\n<blockquote class=\"twitter-video\" data-lang=\"es\">\n<p dir=\"ltr\" lang=\"es\">\u26a0\ufe0f As\u00ed fue la terrible lesi\u00f3n de Zach Miller, de los <a href=\"https:\/\/twitter.com\/ChicagoBears?ref_src=twsrc%5Etfw\">@ChicagoBears<\/a> \u26a0\ufe0f <a href=\"https:\/\/t.co\/kxOThh57lU\">pic.twitter.com\/kxOThh57lU<\/a><\/p>\n<p>\u2014 PlayMakersMX (@PlaymakersMx) <a href=\"https:\/\/twitter.com\/PlaymakersMx\/status\/925014698122194944?ref_src=twsrc%5Etfw\">30 de octubre de 2017<\/a><\/p><\/blockquote>\n<p><script async src=\"https:\/\/platform.twitter.com\/widgets.js\" charset=\"utf-8\"><\/script><\/p>\n<p>La misma noche del domingo los especialistas revelaron que la carrera como futbolista profesional de Miller pas\u00f3 a segundo t\u00e9rmino, pues intentaban lograr que no pierda su extremidad.<\/p>\n<p>Para ello, los doctores intentar\u00e1n que por medio de un <strong>injerto<\/strong> de la pierna derecha consigan salvar la izquierda, aunque el pron\u00f3stico es sumamente reservado.<\/p>\n<p>&#8220;Nuestros pensamientos y las oraciones del equipo est\u00e1n con \u00e9l&#8221;, dijo el entrenador en jefe de los Bears, <strong>John Fox<\/strong>, as\u00ed como sus compa\u00f1eros de equipo, que esperan noticias sobre el estado de salud de Miller.<\/p>\n","protected":false},"excerpt":{"rendered":"<p>La acci\u00f3n sucedi\u00f3 durante el duelo entre Chicago Bears y New Orleans Saints.<\/p>\n","protected":false},"author":154,"featured_media":507254,"comment_status":"closed","ping_status":"closed","sticky":false,"template":"","format":"standard","meta":[],"categories":[5811,5418],"tags":[10332,10949,1245,10947,4395,10948,10946],"_links":{"self":[{"href":"http:\/\/desarrollo.grupomedios.com\/futbol\/wp-json\/wp\/v2\/posts\/507249"}],"collection":[{"href":"http:\/\/desarrollo.grupomedios.com\/futbol\/wp-json\/wp\/v2\/posts"}],"about":[{"href":"http:\/\/desarrollo.grupomedios.com\/futbol\/wp-json\/wp\/v2\/types\/post"}],"author":[{"embeddable":true,"href":"http:\/\/desarrollo.grupomedios.com\/futbol\/wp-json\/wp\/v2\/users\/154"}],"replies":[{"embeddable":true,"href":"http:\/\/desarrollo.grupomedios.com\/futbol\/wp-json\/wp\/v2\/comments?post=507249"}],"version-history":[{"count":2,"href":"http:\/\/desarrollo.grupomedios.com\/futbol\/wp-json\/wp\/v2\/posts\/507249\/revisions"}],"predecessor-version":[{"id":507277,"href":"http:\/\/desarrollo.grupomedios.com\/futbol\/wp-json\/wp\/v2\/posts\/507249\/revisions\/507277"}],"wp:featuredmedia":[{"embeddable":true,"href":"http:\/\/desarrollo.grupomedios.com\/futbol\/wp-json\/wp\/v2\/media\/507254"}],"wp:attachment":[{"href":"http:\/\/desarrollo.grupomedios.com\/futbol\/wp-json\/wp\/v2\/media?parent=507249"}],"wp:term":[{"taxonomy":"category","embeddable":true,"href":"http:\/\/desarrollo.grupomedios.com\/futbol\/wp-json\/wp\/v2\/categories?post=507249"},{"taxonomy":"post_tag","embeddable":true,"href":"http:\/\/desarrollo.grupomedios.com\/futbol\/wp-json\/wp\/v2\/tags?post=507249"}],"curies":[{"name":"wp","href":"https:\/\/api.w.org\/{rel}","templated":true}]}}