{"id":507275,"date":"2017-10-30T13:07:35","date_gmt":"2017-10-30T19:07:35","guid":{"rendered":"https:\/\/www.futboltotal.com.mx\/?p=507275"},"modified":"2017-10-30T13:07:35","modified_gmt":"2017-10-30T19:07:35","slug":"crack-de-jornada-15-jose-juan-macias-joya-chivas","status":"publish","type":"post","link":"http:\/\/desarrollo.grupomedios.com\/futbol\/destacado-home\/crack-de-jornada-15-jose-juan-macias-joya-chivas\/2017\/10","title":{"rendered":"El Crack de la Jornada 15: Jos\u00e9 Juan Mac\u00edas, la joya de Chivas"},"content":{"rendered":"<p><strong>POR: STAFF FT<\/strong><\/p>\n<p>La <strong>Jornada 15<\/strong> del <strong>Apertura 2017<\/strong> nos dej\u00f3 un nuevo nombre a seguir, el de la joven revelaci\u00f3n <strong>Jos\u00e9 Juan Mac\u00edas<\/strong>, delantero de <strong>Chivas<\/strong> que marc\u00f3 dos golazos en el triunfo rojiblanco sobre <strong>Tijuana<\/strong>, sus primeras anotaciones como futbolista de la Liga MX.<\/p>\n<p>El <strong>&#8216;JJ&#8217;<\/strong> Mac\u00edas apenas acumula cinco partidos en <strong>Primera Divisi\u00f3n<\/strong>, con un total de 204 minutos en cancha, cuando hace menos de un a\u00f1o el chico era parte del equipo Sub 17 del <strong>Reba\u00f1o<\/strong>.<\/p>\n<p style=\"text-align: center;\"><a href=\"https:\/\/www.futboltotal.com.mx\/futbol-mexicano\/liga-mx\/11-ideal-la-jornada-15-del-apertura-2017-la-liga-mx\/2017\/10\" target=\"_blank\" rel=\"noopener\"><span style=\"color: #333399;\">VER M\u00c1S: El 11 ideal de la Jornada 15 del Apertura 2017 de la Liga MX<\/span><\/a><\/p>\n<p>Apenas en unos meses, Mac\u00edas, admirador del brasile\u00f1o <strong>Ronaldo Nazario<\/strong>, se ha ganado un lugar en el primer equipo del t\u00e9cnico <strong>Mat\u00edas Almeyda<\/strong>, quien ha confiado en su talento y apost\u00f3 por \u00e9l como titular ante <strong>Xolos<\/strong>, decisi\u00f3n a la que el chico respondi\u00f3 con creces.<\/p>\n<p>Por ello, Jos\u00e9 Juan Mac\u00edas es el <strong>Crack de la Jornada 15<\/strong> del Apertura 2017.<\/p>\n<p class=\"p1\"><span class=\"s1\">[video_player]https:\/\/player.vimeo.com\/external\/240530353.hd.?s=5a177adf0d55ed3f9b4548eb3c6fb2c078dd69fd&amp;profile_id=174[\/video_player]<\/span><\/p>\n","protected":false},"excerpt":{"rendered":"<p>La nueva perla del Reba\u00f1o se rob\u00f3 los reflectores en la Liga MX.<\/p>\n","protected":false},"author":154,"featured_media":507279,"comment_status":"closed","ping_status":"closed","sticky":false,"template":"","format":"standard","meta":[],"categories":[5,2198,3845],"tags":[8357,70,10959,5963,10960,9431,64,387,1504,7438],"_links":{"self":[{"href":"http:\/\/desarrollo.grupomedios.com\/futbol\/wp-json\/wp\/v2\/posts\/507275"}],"collection":[{"href":"http:\/\/desarrollo.grupomedios.com\/futbol\/wp-json\/wp\/v2\/posts"}],"about":[{"href":"http:\/\/desarrollo.grupomedios.com\/futbol\/wp-json\/wp\/v2\/types\/post"}],"author":[{"embeddable":true,"href":"http:\/\/desarrollo.grupomedios.com\/futbol\/wp-json\/wp\/v2\/users\/154"}],"replies":[{"embeddable":true,"href":"http:\/\/desarrollo.grupomedios.com\/futbol\/wp-json\/wp\/v2\/comments?post=507275"}],"version-history":[{"count":1,"href":"http:\/\/desarrollo.grupomedios.com\/futbol\/wp-json\/wp\/v2\/posts\/507275\/revisions"}],"predecessor-version":[{"id":507281,"href":"http:\/\/desarrollo.grupomedios.com\/futbol\/wp-json\/wp\/v2\/posts\/507275\/revisions\/507281"}],"wp:featuredmedia":[{"embeddable":true,"href":"http:\/\/desarrollo.grupomedios.com\/futbol\/wp-json\/wp\/v2\/media\/507279"}],"wp:attachment":[{"href":"http:\/\/desarrollo.grupomedios.com\/futbol\/wp-json\/wp\/v2\/media?parent=507275"}],"wp:term":[{"taxonomy":"category","embeddable":true,"href":"http:\/\/desarrollo.grupomedios.com\/futbol\/wp-json\/wp\/v2\/categories?post=507275"},{"taxonomy":"post_tag","embeddable":true,"href":"http:\/\/desarrollo.grupomedios.com\/futbol\/wp-json\/wp\/v2\/tags?post=507275"}],"curies":[{"name":"wp","href":"https:\/\/api.w.org\/{rel}","templated":true}]}}