{"id":507293,"date":"2017-10-30T14:23:47","date_gmt":"2017-10-30T20:23:47","guid":{"rendered":"https:\/\/www.futboltotal.com.mx\/?p=507293"},"modified":"2017-10-30T14:23:47","modified_gmt":"2017-10-30T20:23:47","slug":"la-bronca-modric-marcelo-en-la-derrota-del-real-madrid","status":"publish","type":"post","link":"http:\/\/desarrollo.grupomedios.com\/futbol\/futbol-internacional\/la-bronca-modric-marcelo-en-la-derrota-del-real-madrid\/2017\/10","title":{"rendered":"La bronca entre Modric y Marcelo en la derrota del Real Madrid"},"content":{"rendered":"<p>El <strong>Real Madrid<\/strong> no pasa un buen momento futbol\u00edstico y adem\u00e1s de los puntos que dej\u00f3 <span style=\"color: #3366ff;\"><a href=\"https:\/\/www.futboltotal.com.mx\/destacado-home\/girona-2-real-madrid-1-laliga-futbol-espanol-resumen\/2017\/10\">tras caer con el Girona<\/a><\/span>, tambi\u00e9n se vieron los problemas que hubo entre sus jugadores durante el encuentro.<\/p>\n<p>La cadena <em>Deportes Cuatro<\/em> ha emitido este lunes unas im\u00e1genes significativas de la derrota del <strong>Real Madrid<\/strong> en Montilivi, donde hubo una bronca entre <strong>Marcelo<\/strong> y <strong>Luka Modric<\/strong> por una p\u00e9rdida de bal\u00f3n del brasile\u00f1o.<\/p>\n<p>El lateral izquierdo perdi\u00f3 la posesi\u00f3n y pudo recuperarla en la continuaci\u00f3n de la jugada, lo que provoc\u00f3 la recriminaci\u00f3n del croata. &#8220;Dices que he fallado&#8230; \u00bfY t\u00fa no fallas?&#8221;, le contest\u00f3 Marcelo de acuerdo con la secuencia vista en <em>Deportes Cuatro<\/em>. Ambos jugadores, no obstante, hicieron las paces minutos m\u00e1s tarde.<\/p>\n<p style=\"text-align: center;\"><span style=\"color: #3366ff;\"><a href=\"https:\/\/www.futboltotal.com.mx\/copa-mundial-2018\/isis-insiste-en-amenazas-marco-asensio-nuevo-objetivo\">VER M\u00c1S: ISIS insiste en amenazas; Marco Asensio es su nuevo objetivo<\/a><\/span><\/p>\n<p><iframe loading=\"lazy\" src=\"https:\/\/www.youtube.com\/embed\/W1oYKG6sUNg?feature=oembed\" frameborder=\"0\" gesture=\"media\" allowfullscreen><\/iframe><\/p>\n","protected":false},"excerpt":{"rendered":"<p>Los Merengues tuvieron una discusi\u00f3n en la derrota con el Girona.<\/p>\n","protected":false},"author":129,"featured_media":507295,"comment_status":"closed","ping_status":"closed","sticky":false,"template":"","format":"standard","meta":[],"categories":[3839,3844],"tags":[110,6114,10968,1913,477,1197,5988],"_links":{"self":[{"href":"http:\/\/desarrollo.grupomedios.com\/futbol\/wp-json\/wp\/v2\/posts\/507293"}],"collection":[{"href":"http:\/\/desarrollo.grupomedios.com\/futbol\/wp-json\/wp\/v2\/posts"}],"about":[{"href":"http:\/\/desarrollo.grupomedios.com\/futbol\/wp-json\/wp\/v2\/types\/post"}],"author":[{"embeddable":true,"href":"http:\/\/desarrollo.grupomedios.com\/futbol\/wp-json\/wp\/v2\/users\/129"}],"replies":[{"embeddable":true,"href":"http:\/\/desarrollo.grupomedios.com\/futbol\/wp-json\/wp\/v2\/comments?post=507293"}],"version-history":[{"count":1,"href":"http:\/\/desarrollo.grupomedios.com\/futbol\/wp-json\/wp\/v2\/posts\/507293\/revisions"}],"predecessor-version":[{"id":507296,"href":"http:\/\/desarrollo.grupomedios.com\/futbol\/wp-json\/wp\/v2\/posts\/507293\/revisions\/507296"}],"wp:featuredmedia":[{"embeddable":true,"href":"http:\/\/desarrollo.grupomedios.com\/futbol\/wp-json\/wp\/v2\/media\/507295"}],"wp:attachment":[{"href":"http:\/\/desarrollo.grupomedios.com\/futbol\/wp-json\/wp\/v2\/media?parent=507293"}],"wp:term":[{"taxonomy":"category","embeddable":true,"href":"http:\/\/desarrollo.grupomedios.com\/futbol\/wp-json\/wp\/v2\/categories?post=507293"},{"taxonomy":"post_tag","embeddable":true,"href":"http:\/\/desarrollo.grupomedios.com\/futbol\/wp-json\/wp\/v2\/tags?post=507293"}],"curies":[{"name":"wp","href":"https:\/\/api.w.org\/{rel}","templated":true}]}}