{"id":507297,"date":"2017-10-30T14:42:39","date_gmt":"2017-10-30T20:42:39","guid":{"rendered":"https:\/\/www.futboltotal.com.mx\/?p=507297"},"modified":"2017-10-30T14:42:39","modified_gmt":"2017-10-30T20:42:39","slug":"plan-higuera-poder-comprar-a-rodolfo-cota","status":"publish","type":"post","link":"http:\/\/desarrollo.grupomedios.com\/futbol\/futbol-mexicano\/plan-higuera-poder-comprar-a-rodolfo-cota\/2017\/10","title":{"rendered":"El &#8216;plan&#8217; de Higuera para poder comprar a Rodolfo Cota"},"content":{"rendered":"<p>Luego de que <strong>Mat\u00edas Almeyda<\/strong> declarara que ve complicada la compra de <strong>Rodolfo Cota<\/strong> a <strong>Pachuca<\/strong> debido al excesivo precio que pusieron por el portero, el CEO de Chivas, <strong>Jos\u00e9 Luis Higuera<\/strong>, ha encontrado una &#8220;soluci\u00f3n&#8221; para poder realizar la transferencia.<\/p>\n<p>El directivo del <strong>Reba\u00f1o<\/strong> se estuvo dando unos lujos en la <strong>Ciudad de M\u00e9xico<\/strong>, pues estuvo presente en el <strong>Aut\u00f3dromo Hermanos Rodr\u00edguez<\/strong> para presenciar del <strong>Gran Premio de M\u00e9xico de la F\u00f3rmula 1<\/strong>, que se llev\u00f3 a cabo este domingo.<\/p>\n<p style=\"text-align: center;\"><span style=\"color: #3366ff;\"><a href=\"https:\/\/www.futboltotal.com.mx\/futbol-internacional\/liga-de-inglaterra\/la-epica-respuesta-zlatan-ibrahimovic-las-leyendas-del-manchester-united\/2017\/10\">VER M\u00c1S: La \u00e9pica respuesta de Zlatan sobre las leyendas del Manchester United<\/a><\/span><\/p>\n<blockquote class=\"twitter-tweet\" data-width=\"500\">\n<p lang=\"es\" dir=\"ltr\">Con mi eterna compa\u00f1era!!!! <a href=\"https:\/\/twitter.com\/MarthaLazo?ref_src=twsrc%5Etfw\">@MarthaLazo<\/a> Gracias por aguantarme! Gracias <a href=\"https:\/\/twitter.com\/PUMAmexico?ref_src=twsrc%5Etfw\">@PUMAmexico<\/a> por la hospitalidad <a href=\"https:\/\/t.co\/K4mIsYsWdd\">pic.twitter.com\/K4mIsYsWdd<\/a><\/p>\n<p>&mdash; Jose Luis Higuera B (@JLHB33) <a href=\"https:\/\/twitter.com\/JLHB33\/status\/924668104197787648?ref_src=twsrc%5Etfw\">October 29, 2017<\/a><\/p><\/blockquote>\n<p><script async src=\"https:\/\/platform.twitter.com\/widgets.js\" charset=\"utf-8\"><\/script><\/p>\n<p>Tras el triunfo de Lewis Hamilton, que se coron\u00f3 como Campe\u00f3n del Mundo de la F1, Higuera viaj\u00f3 de regreso a Guadalajara para seguir con sus operaciones en el Reba\u00f1o y mostr\u00f3 una fotograf\u00eda de los lugares donde se encontraba su avi\u00f3n.<\/p>\n<p>&#8220;De los mas baratos!! Casi en el ba\u00f1o!!! Para ahorrar para cota&#8221;, escribi\u00f3 en su cuenta de Twitter seguido de emoticones ri\u00e9ndose.<\/p>\n<p style=\"text-align: center;\"><span style=\"color: #3366ff;\"><a href=\"https:\/\/www.futboltotal.com.mx\/futbol-internacional\/liga-de-espana\/la-bronca-modric-marcelo-en-la-derrota-del-real-madrid\/2017\/10\">VER M\u00c1S: La bronca entre Modric y Marcelo en la derrota del Real Madrid<\/a><\/span><\/p>\n<p>https:\/\/twitter.com\/JLHB33\/status\/924758752292753408<\/p>\n","protected":false},"excerpt":{"rendered":"<p>El directivo Rojiblanco mostr\u00f3 c\u00f3mo ahorra para poder pagar la transferencia.<\/p>\n","protected":false},"author":129,"featured_media":505783,"comment_status":"closed","ping_status":"closed","sticky":false,"template":"","format":"standard","meta":[],"categories":[2198,3845],"tags":[8357,70,7368,64,6920],"_links":{"self":[{"href":"http:\/\/desarrollo.grupomedios.com\/futbol\/wp-json\/wp\/v2\/posts\/507297"}],"collection":[{"href":"http:\/\/desarrollo.grupomedios.com\/futbol\/wp-json\/wp\/v2\/posts"}],"about":[{"href":"http:\/\/desarrollo.grupomedios.com\/futbol\/wp-json\/wp\/v2\/types\/post"}],"author":[{"embeddable":true,"href":"http:\/\/desarrollo.grupomedios.com\/futbol\/wp-json\/wp\/v2\/users\/129"}],"replies":[{"embeddable":true,"href":"http:\/\/desarrollo.grupomedios.com\/futbol\/wp-json\/wp\/v2\/comments?post=507297"}],"version-history":[{"count":2,"href":"http:\/\/desarrollo.grupomedios.com\/futbol\/wp-json\/wp\/v2\/posts\/507297\/revisions"}],"predecessor-version":[{"id":507336,"href":"http:\/\/desarrollo.grupomedios.com\/futbol\/wp-json\/wp\/v2\/posts\/507297\/revisions\/507336"}],"wp:featuredmedia":[{"embeddable":true,"href":"http:\/\/desarrollo.grupomedios.com\/futbol\/wp-json\/wp\/v2\/media\/505783"}],"wp:attachment":[{"href":"http:\/\/desarrollo.grupomedios.com\/futbol\/wp-json\/wp\/v2\/media?parent=507297"}],"wp:term":[{"taxonomy":"category","embeddable":true,"href":"http:\/\/desarrollo.grupomedios.com\/futbol\/wp-json\/wp\/v2\/categories?post=507297"},{"taxonomy":"post_tag","embeddable":true,"href":"http:\/\/desarrollo.grupomedios.com\/futbol\/wp-json\/wp\/v2\/tags?post=507297"}],"curies":[{"name":"wp","href":"https:\/\/api.w.org\/{rel}","templated":true}]}}