{"id":507298,"date":"2017-10-30T15:09:30","date_gmt":"2017-10-30T21:09:30","guid":{"rendered":"https:\/\/www.futboltotal.com.mx\/?p=507298"},"modified":"2017-10-30T15:09:30","modified_gmt":"2017-10-30T21:09:30","slug":"lucero-cuevas-del-america-campeona-goleo-liga-mx-femenil","status":"publish","type":"post","link":"http:\/\/desarrollo.grupomedios.com\/futbol\/futbol-mexicano\/lucero-cuevas-del-america-campeona-goleo-liga-mx-femenil\/2017\/10","title":{"rendered":"Lucero Cuevas del Am\u00e9rica, campeona de goleo de Liga MX Femenil"},"content":{"rendered":"<p>Con la conclusi\u00f3n de la fase regular del primer torneo de la Liga MX Femenil, adem\u00e1s de saber quienes son los cuatro equipos que calificaron a semifinales para buscar el t\u00edtulo, tambi\u00e9n se conoci\u00f3 a la primera campeona de goleo en la historia de la naciente competencia: <strong>Lucero Cuevas<\/strong>, delantera del <strong>Am\u00e9rica<\/strong>.<\/p>\n<p>Cuevas disput\u00f3 14 partidos con las <strong>\u00c1guilas<\/strong>, en los que sum\u00f3 un total de <strong>15 anotaciones<\/strong>, lo que le vali\u00f3 un promedio de un gol cada 70 minutos.<\/p>\n<p style=\"text-align: center;\"><a href=\"https:\/\/www.futboltotal.com.mx\/futbol-mexicano\/liga-femenil\/semifinales-la-liga-mx-femenil-ya-horarios-dias\/2017\/10\" target=\"_blank\" rel=\"noopener\"><span style=\"color: #333399;\">VER M\u00c1S: Ya hay horarios y d\u00edas para las semifinales de la Liga MX Femenil<\/span><\/a><\/p>\n<p>&nbsp;<\/p>\n<blockquote class=\"twitter-tweet\" data-lang=\"es\">\n<p dir=\"ltr\" lang=\"es\">&#8230; y con 15 goles, Lucero Cuevas de <a href=\"https:\/\/twitter.com\/AmericaFemenil?ref_src=twsrc%5Etfw\">@AmericaFemenil<\/a> es la 1era CAMPEONA de Goleo de la <a href=\"https:\/\/twitter.com\/hashtag\/LIGAMXFemenil?src=hash&amp;ref_src=twsrc%5Etfw\">#LIGAMXFemenil<\/a> &#x1f481;\u26bd <a href=\"https:\/\/twitter.com\/hashtag\/VamosPorEllas?src=hash&amp;ref_src=twsrc%5Etfw\">#VamosPorEllas<\/a> <a href=\"https:\/\/twitter.com\/hashtag\/TuVidaNoEsUnJuego?src=hash&amp;ref_src=twsrc%5Etfw\">#TuVidaNoEsUnJuego<\/a> <a href=\"https:\/\/t.co\/GxgTsnsXpQ\">pic.twitter.com\/GxgTsnsXpQ<\/a><\/p>\n<p>\u2014 LIGA MX Femenil (@LIGAMXFemenil) <a href=\"https:\/\/twitter.com\/LIGAMXFemenil\/status\/925046781368553472?ref_src=twsrc%5Etfw\">30 de octubre de 2017<\/a><\/p><\/blockquote>\n<p><script async src=\"https:\/\/platform.twitter.com\/widgets.js\" charset=\"utf-8\"><\/script><\/p>\n<p>Su mejor partido lo vivi\u00f3 en la fecha 2, cuando el cuadro de Coapa visit\u00f3 al <strong>Cruz Azul<\/strong> y se impuso por 5-0, tres de estos goles obra de Cuevas.<\/p>\n<p>&nbsp;<\/p>\n<blockquote class=\"twitter-video\" data-lang=\"es\">\n<p dir=\"ltr\" lang=\"es\">Nuestra victoria en el Cl\u00e1sico Joven &#x1f4aa;&#x1f3fc;<\/p>\n<p>\u26bd\ufe0f 3&#8242; Dayana C\u00e1zares<br \/>\n\u26bd\ufe0f\u26bd\ufe0f\u26bd\ufe0f 19&#8242;, 46&#8242;, 73&#8242; Lucero Cuevas<br \/>\n\u26bd\ufe0f 79&#8242; Casandra Cuevas<a href=\"https:\/\/twitter.com\/hashtag\/SomosAzulcrema?src=hash&amp;ref_src=twsrc%5Etfw\">#SomosAzulcrema<\/a> &#x1f49b;&#x1f499; <a href=\"https:\/\/t.co\/VElH0L0TsL\">pic.twitter.com\/VElH0L0TsL<\/a><\/p>\n<p>\u2014 Club Am\u00e9rica Femenil (@AmericaFemenil) <a href=\"https:\/\/twitter.com\/AmericaFemenil\/status\/894573885080846337?ref_src=twsrc%5Etfw\">7 de agosto de 2017<\/a><\/p><\/blockquote>\n<p><script async src=\"https:\/\/platform.twitter.com\/widgets.js\" charset=\"utf-8\"><\/script><\/p>\n<p>&#8220;La verdad estoy muy contenta, ya quince goles, la verdad que me siento muy feliz, pero tambi\u00e9n todo el trabajo que he logrado es gracias al equipo, creo que sin ellas no estar\u00eda donde esto&#8221;, dijo la goleadora en entrevista con Marca Claro.<\/p>\n<p>&nbsp;<\/p>\n<blockquote class=\"twitter-video\" data-lang=\"es\">\n<p dir=\"ltr\" lang=\"es\"><a href=\"https:\/\/twitter.com\/hashtag\/Erastad%C3%ADsticasFutboleras?src=hash&amp;ref_src=twsrc%5Etfw\">#Erastad\u00edsticasFutboleras<\/a><br \/>\nCon \u00e9ste gol\u26bdde Lucero Cuevas <a href=\"https:\/\/twitter.com\/AmericaFemenil?ref_src=twsrc%5Etfw\">@AmericaFemenil<\/a> se lleva el 1er <a href=\"https:\/\/twitter.com\/hashtag\/ClasicoFemenil?src=hash&amp;ref_src=twsrc%5Etfw\">#ClasicoFemenil<\/a> Vs <a href=\"https:\/\/twitter.com\/PumasFemUNAM?ref_src=twsrc%5Etfw\">@PumasFemUNAM<\/a> &#x1f44d; <a href=\"https:\/\/twitter.com\/hashtag\/LIGAMXFemenil?src=hash&amp;ref_src=twsrc%5Etfw\">#LIGAMXFemenil<\/a> &#x1f481;\u26bd <a href=\"https:\/\/t.co\/mBueyWWEhH\">pic.twitter.com\/mBueyWWEhH<\/a><\/p>\n<p>\u2014 EraSandria\u26bd (@era_sandria) <a href=\"https:\/\/twitter.com\/era_sandria\/status\/904136775047798784?ref_src=twsrc%5Etfw\">3 de septiembre de 2017<\/a><\/p><\/blockquote>\n<p><script async src=\"https:\/\/platform.twitter.com\/widgets.js\" charset=\"utf-8\"><\/script><\/p>\n<p>Desde el inicio del torneo, Lucero se perfilaba como la l\u00edder del equipo dirigido por <strong>Leonardo Cuellar<\/strong> y hasta ahora ha respondido a dicha etiqueta, aunque la prueba de fuego la vivir\u00e1n en la Liguilla rumbo al t\u00edtulo, donde primero <a href=\"https:\/\/www.futboltotal.com.mx\/futbol-mexicano\/liga-femenil\/habra-clasico-nacional-en-las-semifinales-la-liga-mx-femenil\/2017\/10\" target=\"_blank\" rel=\"noopener\"><span style=\"color: #333399;\">deber\u00e1n eliminar a <strong>Chivas<\/strong> en la ronda de semifinales<\/span><\/a>.<\/p>\n<p>Las jugadoras que ocuparon el segundo puesto en la lucha por el t\u00edtulo de goleo fueron <strong>Dayana Joselyn C\u00e1zares<\/strong>, tambi\u00e9n futbolista del Am\u00e9rica, <strong>M\u00f3nica Monsiv\u00e1is<\/strong> del <strong>Monterrey<\/strong> y <strong>Mar\u00eda<\/strong> <strong>Natalia<\/strong> <strong>Nauleon<\/strong> del <strong>Toluca<\/strong>, todas con 10 goles.<\/p>\n","protected":false},"excerpt":{"rendered":"<p>La delantera del Am\u00e9rica hizo historia en la naciente Liga MX femenil.<\/p>\n","protected":false},"author":154,"featured_media":507301,"comment_status":"closed","ping_status":"closed","sticky":false,"template":"","format":"standard","meta":[],"categories":[2198,9628],"tags":[1585,5959,10969,7754,10050],"_links":{"self":[{"href":"http:\/\/desarrollo.grupomedios.com\/futbol\/wp-json\/wp\/v2\/posts\/507298"}],"collection":[{"href":"http:\/\/desarrollo.grupomedios.com\/futbol\/wp-json\/wp\/v2\/posts"}],"about":[{"href":"http:\/\/desarrollo.grupomedios.com\/futbol\/wp-json\/wp\/v2\/types\/post"}],"author":[{"embeddable":true,"href":"http:\/\/desarrollo.grupomedios.com\/futbol\/wp-json\/wp\/v2\/users\/154"}],"replies":[{"embeddable":true,"href":"http:\/\/desarrollo.grupomedios.com\/futbol\/wp-json\/wp\/v2\/comments?post=507298"}],"version-history":[{"count":1,"href":"http:\/\/desarrollo.grupomedios.com\/futbol\/wp-json\/wp\/v2\/posts\/507298\/revisions"}],"predecessor-version":[{"id":507303,"href":"http:\/\/desarrollo.grupomedios.com\/futbol\/wp-json\/wp\/v2\/posts\/507298\/revisions\/507303"}],"wp:featuredmedia":[{"embeddable":true,"href":"http:\/\/desarrollo.grupomedios.com\/futbol\/wp-json\/wp\/v2\/media\/507301"}],"wp:attachment":[{"href":"http:\/\/desarrollo.grupomedios.com\/futbol\/wp-json\/wp\/v2\/media?parent=507298"}],"wp:term":[{"taxonomy":"category","embeddable":true,"href":"http:\/\/desarrollo.grupomedios.com\/futbol\/wp-json\/wp\/v2\/categories?post=507298"},{"taxonomy":"post_tag","embeddable":true,"href":"http:\/\/desarrollo.grupomedios.com\/futbol\/wp-json\/wp\/v2\/tags?post=507298"}],"curies":[{"name":"wp","href":"https:\/\/api.w.org\/{rel}","templated":true}]}}