{"id":507302,"date":"2017-10-30T15:27:11","date_gmt":"2017-10-30T21:27:11","guid":{"rendered":"https:\/\/www.futboltotal.com.mx\/?p=507302"},"modified":"2017-10-30T15:27:11","modified_gmt":"2017-10-30T21:27:11","slug":"olympiacos-vs-barcelona-los-blaugranas-van-pase-a-octavos","status":"publish","type":"post","link":"http:\/\/desarrollo.grupomedios.com\/futbol\/futbol-internacional\/olympiacos-vs-barcelona-los-blaugranas-van-pase-a-octavos\/2017\/10","title":{"rendered":"Olympiacos vs Barcelona, los Blaugranas van por el pase a Octavos"},"content":{"rendered":"<p>El <strong>Barcelona<\/strong> visita este martes (20.45 horas) el <strong>Georgios Karaiskakis<\/strong> de <strong>Atenas<\/strong> dispuesto a certificar, ante el <strong>Olympiacos<\/strong> griego, su pase a los<strong> octavos de final<\/strong> de la<strong> Champions League.<\/strong><\/p>\n<p>El conjunto azulgrana avanzar\u00e1 matem\u00e1ticamente a la siguiente ronda si gana a los del Pireo y el <strong>Sporting de Portugal<\/strong> no hace lo propio en <strong>Lisboa<\/strong>, contra el <strong>Juventus<\/strong>, o si empata en Grecia y los italianos vencen a domicilio al conjunto luso.<\/p>\n<p>L\u00edder del g<strong>rupo D<\/strong>, el Bar\u00e7a cuenta sus partidos por victorias: 3-0 ante el Juventus, 0-1 contra el Sporting de Portugal y 3-1 frente al Olympiacos.<\/p>\n<p>Los hombres de <strong>Ernesto Valverde<\/strong>, tambi\u00e9n l\u00edderes invictos en la Liga espa\u00f1ola, intentar\u00e1n mantener su trayectoria inmaculada en esta edici\u00f3n de la Champions con un nuevo triunfo ante el conjunto heleno.<\/p>\n<p style=\"text-align: center;\"><span style=\"color: #3366ff;\"><a href=\"https:\/\/www.futboltotal.com.mx\/futbol-internacional\/liga-de-inglaterra\/la-epica-respuesta-zlatan-ibrahimovic-las-leyendas-del-manchester-united\/2017\/10\">VER M\u00c1S: La \u00e9pica respuesta de Zlatan sobre las leyendas del Manchester United<\/a><\/span><\/p>\n<p>https:\/\/twitter.com\/FCBarcelona_es\/status\/925068587374653440<\/p>\n<p>Valverde, que regresa a la que fuera su casa durante dos temporadas y media, no podr\u00e1 contar para este partido con el centrocampista Andr\u00e9s Iniesta, que ya caus\u00f3 baja en el <strong>Nuevo San Mam\u00e9s<\/strong> por una sobrecarga en el recto interno de la pierna izquierda, ni con el defensa Gerard Piqu\u00e9, sancionado por su expulsi\u00f3n en el <span style=\"color: #3366ff;\"><a href=\"https:\/\/www.futboltotal.com.mx\/destacado-home\/barcelona-3-olympiacos-1-uefa-champions-league-resumen\/2017\/10\" target=\"_blank\" rel=\"noopener\">Barcelona-Olympiacos<\/a> <\/span>disputado en el <strong>Camp Nou<\/strong> hace dos semanas.<\/p>\n<p>El conjunto heleno, que ha perdido los tres encuentros que ha disputado hasta ahora, se aferra a las matem\u00e1ticas para no perder la esperanza de, al menos, lograr el tercer puesto del grupo, que da acceso a la <strong>Europa League<\/strong>.<\/p>\n<p>El equipo de El Pireo prepara el encuentro con la moral tocada tras la dolorosa derrota por 1-0 en el derbi ateniense contra el <strong>Panathinakos<\/strong>.<\/p>\n<p>En nueve jornadas disputadas, el Olympiacos acumula el peor arranque liguero de los \u00faltimos 24 a\u00f1os y ocupa la cuarta posici\u00f3n a cinco puntos del l\u00edder.<\/p>\n<p style=\"text-align: center;\"><span style=\"color: #3366ff;\"><a href=\"https:\/\/www.futboltotal.com.mx\/futbol-internacional\/liga-de-espana\/mexicana-kenti-robles-marca-golazo-ante-barcelona\/2017\/10\">VER M\u00c1S: Mexicana Kenti Robles marca golazo ante el Barcelona<\/a><\/span><\/p>\n<blockquote class=\"twitter-tweet\" data-width=\"500\">\n<p lang=\"und\" dir=\"ltr\">\u0397 \u03b1\u03c0\u03bf\u03c3\u03c4\u03bf\u03bb\u03ae \u03c4\u03b7\u03c2 \u03bf\u03bc\u03ac\u03b4\u03b1\u03c2 \u03bc\u03b1\u03c2 \u03b3\u03b9\u03b1 \u03c4\u03bf \u03bc\u03b1\u03c4\u03c2 \u03ba\u03cc\u03bd\u03c4\u03c1\u03b1 \u03c3\u03c4\u03b7\u03bd \u039c\u03c0\u03b1\u03c1\u03c4\u03c3\u03b5\u03bb\u03cc\u03bd\u03b1. \/ The players selected for the match against <a href=\"https:\/\/twitter.com\/FCBarcelona?ref_src=twsrc%5Etfw\">@FCBarcelona<\/a>. <a href=\"https:\/\/twitter.com\/ChampionsLeague?ref_src=twsrc%5Etfw\">@ChampionsLeague<\/a> <a href=\"https:\/\/t.co\/yOY04H6GQi\">pic.twitter.com\/yOY04H6GQi<\/a><\/p>\n<p>&mdash; Olympiacos FC (@olympiacos_org) <a href=\"https:\/\/twitter.com\/olympiacos_org\/status\/925091979494612992?ref_src=twsrc%5Etfw\">October 30, 2017<\/a><\/p><\/blockquote>\n<p><script async src=\"https:\/\/platform.twitter.com\/widgets.js\" charset=\"utf-8\"><\/script><\/p>\n<p>As\u00ed, que el partido de Champions, que servir\u00e1 para homenajear a Valverde -la facci\u00f3n m\u00e1s radical de la afici\u00f3n griega, la Gate 7, prepara un mosaico en honor al entrenador que conquist\u00f3 tres Ligas y dos Copas con el club rojiblanco- no llega en un buen momento para el conjunto ateniense.<\/p>\n<p><strong>Alineaciones probables:<\/strong><\/p>\n<p><strong>Olympiacos:<\/strong> Proto, Koutris, Engels, Botia, Elabdellaoui, Romao, Odjidja, Zdjelar, Fortounis, Marin y Emenike.<\/p>\n<p><strong>Barcelona:<\/strong> Ter Stegen; Semedo, Mascherano o Vermaelen, Umtiti, Jordi Alba; Sergio Busquets, Rakitic, Sergi Roberto; Deulofeu, Messi y Luis Su\u00e1rez.<\/p>\n<p><strong>\u00c1rbitro:<\/strong> Anthony Taylor (ENG)<\/p>\n<p>Estadio:\u00a0Georgios Karaiskakis<\/p>\n","protected":false},"excerpt":{"rendered":"<p>Los Blaugranas quieren asegurar su estancia en octavos.<\/p>\n","protected":false},"author":129,"featured_media":507305,"comment_status":"closed","ping_status":"closed","sticky":false,"template":"","format":"standard","meta":[],"categories":[3841,3839],"tags":[5984,36,8239,6214,6091,10970],"_links":{"self":[{"href":"http:\/\/desarrollo.grupomedios.com\/futbol\/wp-json\/wp\/v2\/posts\/507302"}],"collection":[{"href":"http:\/\/desarrollo.grupomedios.com\/futbol\/wp-json\/wp\/v2\/posts"}],"about":[{"href":"http:\/\/desarrollo.grupomedios.com\/futbol\/wp-json\/wp\/v2\/types\/post"}],"author":[{"embeddable":true,"href":"http:\/\/desarrollo.grupomedios.com\/futbol\/wp-json\/wp\/v2\/users\/129"}],"replies":[{"embeddable":true,"href":"http:\/\/desarrollo.grupomedios.com\/futbol\/wp-json\/wp\/v2\/comments?post=507302"}],"version-history":[{"count":1,"href":"http:\/\/desarrollo.grupomedios.com\/futbol\/wp-json\/wp\/v2\/posts\/507302\/revisions"}],"predecessor-version":[{"id":507307,"href":"http:\/\/desarrollo.grupomedios.com\/futbol\/wp-json\/wp\/v2\/posts\/507302\/revisions\/507307"}],"wp:featuredmedia":[{"embeddable":true,"href":"http:\/\/desarrollo.grupomedios.com\/futbol\/wp-json\/wp\/v2\/media\/507305"}],"wp:attachment":[{"href":"http:\/\/desarrollo.grupomedios.com\/futbol\/wp-json\/wp\/v2\/media?parent=507302"}],"wp:term":[{"taxonomy":"category","embeddable":true,"href":"http:\/\/desarrollo.grupomedios.com\/futbol\/wp-json\/wp\/v2\/categories?post=507302"},{"taxonomy":"post_tag","embeddable":true,"href":"http:\/\/desarrollo.grupomedios.com\/futbol\/wp-json\/wp\/v2\/tags?post=507302"}],"curies":[{"name":"wp","href":"https:\/\/api.w.org\/{rel}","templated":true}]}}