{"id":507324,"date":"2017-10-30T16:54:47","date_gmt":"2017-10-30T22:54:47","guid":{"rendered":"https:\/\/www.futboltotal.com.mx\/?p=507324"},"modified":"2017-10-30T16:54:47","modified_gmt":"2017-10-30T22:54:47","slug":"tigres-vs-necaxa-cambia-horario-la-jornada-16","status":"publish","type":"post","link":"http:\/\/desarrollo.grupomedios.com\/futbol\/futbol-mexicano\/tigres-vs-necaxa-cambia-horario-la-jornada-16\/2017\/10","title":{"rendered":"El Tigres vs Necaxa cambia de horario para la Jornada 16"},"content":{"rendered":"<p>Un nuevo cambio de d\u00eda y horario ha anunciado la Liga MX, esta vez para un partido de la <strong>Jornada 16<\/strong> del <strong>Apertura 2017<\/strong>, el duelo <strong>Tigres vs Necaxa<\/strong>.<\/p>\n<p>Por medio de redes sociales y su sitio web, la Liga MX revel\u00f3 el rol de partidos para la pr\u00f3xima fecha del torneo, que se disputar\u00e1 entre el 3 y el 5 de noviembre.<\/p>\n<p style=\"text-align: center;\"><a href=\"https:\/\/www.futboltotal.com.mx\/futbol-mexicano\/liga-mx\/ecuardo-chacho-coudet-dejaria-tecnico-tijuana\/2017\/10\" target=\"_blank\" rel=\"noopener\"><span style=\"color: #333399;\">VER M\u00c1S: Eduardo &#8216;Chacho&#8217; Coudet dejar\u00eda de ser t\u00e9cnico de Tijuana<\/span><\/a><\/p>\n<p>El duelo entre el cuadro de la <strong>UANL<\/strong> y los <strong>Rayos<\/strong> originalmente se disputar\u00eda el s\u00e1bado 4 de noviembre en punto de las 19:00 horas, pero se inform\u00f3 que el pas\u00f3 fue reagendado para el domingo a la misma hora, para ser el juego que cierre esta fecha.<\/p>\n<div id=\"attachment_507326\" style=\"width: 1034px\" class=\"wp-caption aligncenter\"><img aria-describedby=\"caption-attachment-507326\" decoding=\"async\" loading=\"lazy\" class=\"size-large wp-image-507326\" src=\"https:\/\/www.futboltotal.com.mx\/wp-content\/uploads\/2017\/10\/tigres-vs-necaxa-cambia-horario-la-jornada-16-1-1024x576.jpg\" alt=\"As\u00ed se jugar\u00e1 toda la jornada 16 del Apertura 2017 de la Liga MX.\" srcset=\"http:\/\/desarrollo.grupomedios.com\/futbol\/wp-content\/uploads\/2017\/10\/tigres-vs-necaxa-cambia-horario-la-jornada-16-1-1024x576.jpg 1024w, http:\/\/desarrollo.grupomedios.com\/futbol\/wp-content\/uploads\/2017\/10\/tigres-vs-necaxa-cambia-horario-la-jornada-16-1-300x169.jpg 300w, http:\/\/desarrollo.grupomedios.com\/futbol\/wp-content\/uploads\/2017\/10\/tigres-vs-necaxa-cambia-horario-la-jornada-16-1-768x432.jpg 768w, http:\/\/desarrollo.grupomedios.com\/futbol\/wp-content\/uploads\/2017\/10\/tigres-vs-necaxa-cambia-horario-la-jornada-16-1-393x221.jpg 393w, http:\/\/desarrollo.grupomedios.com\/futbol\/wp-content\/uploads\/2017\/10\/tigres-vs-necaxa-cambia-horario-la-jornada-16-1.jpg 1136w\" sizes=\"(max-width: 1024px) 100vw, 1024px\" \/><p id=\"caption-attachment-507326\" class=\"wp-caption-text\">As\u00ed se jugar\u00e1 toda la jornada 16 del Apertura 2017 de la Liga MX.<\/p><\/div>\n<p>En el caso de los Tigres, actuales subcampeones de la Liga MX, este ser\u00e1 su segundo partido en la semana, pues el mi\u00e9rcoles enfrentar\u00e1n al <strong>Atlas<\/strong> en juego pendiente de la <strong>jornada 8<\/strong>.<\/p>\n","protected":false},"excerpt":{"rendered":"<p>El duelo entre Felinos y Rayos cambi\u00f3 el d\u00eda en que originalmente se disputar\u00eda.<\/p>\n","protected":false},"author":154,"featured_media":507325,"comment_status":"closed","ping_status":"closed","sticky":false,"template":"","format":"standard","meta":[],"categories":[2198,3845],"tags":[8357,4580,64,261,263,5973,10974,444],"_links":{"self":[{"href":"http:\/\/desarrollo.grupomedios.com\/futbol\/wp-json\/wp\/v2\/posts\/507324"}],"collection":[{"href":"http:\/\/desarrollo.grupomedios.com\/futbol\/wp-json\/wp\/v2\/posts"}],"about":[{"href":"http:\/\/desarrollo.grupomedios.com\/futbol\/wp-json\/wp\/v2\/types\/post"}],"author":[{"embeddable":true,"href":"http:\/\/desarrollo.grupomedios.com\/futbol\/wp-json\/wp\/v2\/users\/154"}],"replies":[{"embeddable":true,"href":"http:\/\/desarrollo.grupomedios.com\/futbol\/wp-json\/wp\/v2\/comments?post=507324"}],"version-history":[{"count":1,"href":"http:\/\/desarrollo.grupomedios.com\/futbol\/wp-json\/wp\/v2\/posts\/507324\/revisions"}],"predecessor-version":[{"id":507328,"href":"http:\/\/desarrollo.grupomedios.com\/futbol\/wp-json\/wp\/v2\/posts\/507324\/revisions\/507328"}],"wp:featuredmedia":[{"embeddable":true,"href":"http:\/\/desarrollo.grupomedios.com\/futbol\/wp-json\/wp\/v2\/media\/507325"}],"wp:attachment":[{"href":"http:\/\/desarrollo.grupomedios.com\/futbol\/wp-json\/wp\/v2\/media?parent=507324"}],"wp:term":[{"taxonomy":"category","embeddable":true,"href":"http:\/\/desarrollo.grupomedios.com\/futbol\/wp-json\/wp\/v2\/categories?post=507324"},{"taxonomy":"post_tag","embeddable":true,"href":"http:\/\/desarrollo.grupomedios.com\/futbol\/wp-json\/wp\/v2\/tags?post=507324"}],"curies":[{"name":"wp","href":"https:\/\/api.w.org\/{rel}","templated":true}]}}