{"id":507335,"date":"2017-10-30T17:42:05","date_gmt":"2017-10-30T23:42:05","guid":{"rendered":"https:\/\/www.futboltotal.com.mx\/?p=507335"},"modified":"2017-10-30T17:42:05","modified_gmt":"2017-10-30T23:42:05","slug":"increible-super-mundial-clubes-planea-fifa","status":"publish","type":"post","link":"http:\/\/desarrollo.grupomedios.com\/futbol\/futbol-internacional\/increible-super-mundial-clubes-planea-fifa\/2017\/10","title":{"rendered":"El incre\u00edble S\u00faper Mundial de Clubes que planea FIFA"},"content":{"rendered":"<p><strong>POR: STAFF FT<\/strong><\/p>\n<p>Sin duda el formato actual de <strong>Mundial de Clubes<\/strong> de la <strong>FIFA<\/strong> ha ido perdiendo protagonismo, el calendario en el que las fechas se ha impuesto tampoco es atractivo, por lo que los organizadores est\u00e1n buscando la forma de darle un giro total al torneo y convertirlo en algo estelar, un campeonato por el que los clubes realmente est\u00e9n interesados en competir.<\/p>\n<p><strong>FIFA<\/strong> prepara una expansi\u00f3n de este Mundial de Clubes para junio de<strong> 2021<\/strong>, en un torneo que durar\u00eda alrededor de 18 d\u00edas y tendr\u00eda un formato de <strong>tres grupos con ocho equipos cada uno<\/strong> que tendr\u00eda a los mejores equipos de los cinco continentes, a diferencia del formato actual en donde simplemente van los campeones de cada Confederaci\u00f3n.<\/p>\n<p style=\"text-align: center;\"><a href=\"https:\/\/www.futboltotal.com.mx\/futbol-internacional\/liga-de-francia-futbol-internacional\/neymar-esta-arrepentido-haber-dejado-al-fc-barcelona\/2017\/10\" target=\"_blank\" rel=\"noopener\">VER M\u00c1S: Neymar est\u00e1 arrepentido de haber dejado al FC Barcelona<\/a><\/p>\n<p>De acuerdo a informaci\u00f3n de Mundo Deportivo, la repartici\u00f3n de lugares ser\u00eda de la siguiente forma: ir\u00edan doce equipos europeos, cinco sudamericanos, dos africanos, dos asi\u00e1ticos y <strong>dos norteamericanos<\/strong>. Los \u00fanicos que faltar\u00edan por definir el n\u00famero de equipos ser\u00edan los de Ocean\u00eda.<\/p>\n<p>Los doce equipos europeos saldr\u00e1n de aquellos \u00faltimos cuatro ganadores de la <strong>Champions League<\/strong>, los \u00faltimos cuatro finalistas y los otros cuatro ser\u00e1n elegidos seg\u00fan su coeficiente. Estas propuestas fueron analizadas en la pasada reuni\u00f3n de la FIFA en la India, donde se ha planteado este nuevo formato para incluir m\u00e1s equipos de primer nivel y ponerlos a competir y han sido divulgadas por el alem\u00e1n <strong>Reinhard Grindel<\/strong>, de acuerdo al diario Marca.<\/p>\n<p style=\"text-align: center;\"><a href=\"https:\/\/www.futboltotal.com.mx\/futbol-internacional\/liga-de-espana\/la-bronca-modric-marcelo-en-la-derrota-del-real-madrid\/2017\/10\" target=\"_blank\" rel=\"noopener\">VER M\u00c1S: La bronca entre Modric y Marcelo en el Girona vs Real Madrid<\/a><\/p>\n","protected":false},"excerpt":{"rendered":"<p>Participar\u00edan 24 equipos de cada confederaci\u00f3n y se jugar\u00eda en 18 d\u00edas<\/p>\n","protected":false},"author":159,"featured_media":507337,"comment_status":"closed","ping_status":"closed","sticky":false,"template":"","format":"standard","meta":[],"categories":[3839],"tags":[36,361,415],"_links":{"self":[{"href":"http:\/\/desarrollo.grupomedios.com\/futbol\/wp-json\/wp\/v2\/posts\/507335"}],"collection":[{"href":"http:\/\/desarrollo.grupomedios.com\/futbol\/wp-json\/wp\/v2\/posts"}],"about":[{"href":"http:\/\/desarrollo.grupomedios.com\/futbol\/wp-json\/wp\/v2\/types\/post"}],"author":[{"embeddable":true,"href":"http:\/\/desarrollo.grupomedios.com\/futbol\/wp-json\/wp\/v2\/users\/159"}],"replies":[{"embeddable":true,"href":"http:\/\/desarrollo.grupomedios.com\/futbol\/wp-json\/wp\/v2\/comments?post=507335"}],"version-history":[{"count":1,"href":"http:\/\/desarrollo.grupomedios.com\/futbol\/wp-json\/wp\/v2\/posts\/507335\/revisions"}],"predecessor-version":[{"id":507338,"href":"http:\/\/desarrollo.grupomedios.com\/futbol\/wp-json\/wp\/v2\/posts\/507335\/revisions\/507338"}],"wp:featuredmedia":[{"embeddable":true,"href":"http:\/\/desarrollo.grupomedios.com\/futbol\/wp-json\/wp\/v2\/media\/507337"}],"wp:attachment":[{"href":"http:\/\/desarrollo.grupomedios.com\/futbol\/wp-json\/wp\/v2\/media?parent=507335"}],"wp:term":[{"taxonomy":"category","embeddable":true,"href":"http:\/\/desarrollo.grupomedios.com\/futbol\/wp-json\/wp\/v2\/categories?post=507335"},{"taxonomy":"post_tag","embeddable":true,"href":"http:\/\/desarrollo.grupomedios.com\/futbol\/wp-json\/wp\/v2\/tags?post=507335"}],"curies":[{"name":"wp","href":"https:\/\/api.w.org\/{rel}","templated":true}]}}