{"id":507417,"date":"2017-10-31T11:31:49","date_gmt":"2017-10-31T17:31:49","guid":{"rendered":"https:\/\/www.futboltotal.com.mx\/?p=507417"},"modified":"2017-10-31T11:31:49","modified_gmt":"2017-10-31T17:31:49","slug":"neymar-tiene-plan-llegar-al-real-madrid","status":"publish","type":"post","link":"http:\/\/desarrollo.grupomedios.com\/futbol\/futbol-internacional\/neymar-tiene-plan-llegar-al-real-madrid\/2017\/10","title":{"rendered":"Neymar tiene un plan para llegar al Real Madrid"},"content":{"rendered":"<p><strong>POR: STAFF FT<\/strong><\/p>\n<p>El delantero brasile\u00f1o, <strong>Neymar<\/strong>, apenas en el actual mercado de fichajes se convirti\u00f3 en el jugador m\u00e1s caro de la historia de futbol al ser traspasado del <strong>FC Barcelona<\/strong> al <strong>Paris Saint-Germain<\/strong>, sin embargo ya estar\u00eda planeando su siguiente movimiento de no lograr conseguir sus objetivos con su actual club, en un plazo que el mismo jugador se ha impuesto.<\/p>\n<p>Se ha hablado que el brasile\u00f1o est\u00e1 descontento con el estratega, <strong>Unai Emery<\/strong>, por sus m\u00e9todos para trabajar con videos y las sesiones en las que corrigen a los jugadores, adem\u00e1s que la relaci\u00f3n en el vestuario no est\u00e1 del todo bien, pues sus compa\u00f1eros no aprueban los privilegios de los que goza el &#8217;10&#8217; parisino y se ha especulado en al prensa que se arrepiente de haber dejado al FC Barcelona.<\/p>\n<p>Ahora, Don Balon revela que Neymar, sabiendo que no puede volver con los blaugranas por obvias razones, la m\u00e1s importante no invertir\u00e1n dinero de nueva cuenta en su ficha, tiene un plan para regresar a la <strong>Liga de Espa\u00f1a<\/strong>, con el archirrival del cuadro catal\u00e1n; el <strong>Real Madrid<\/strong>, pues el mismo presidente del cuadro blanco,\u00a0<strong>Florentino P\u00e9rez<\/strong>\u00a0lo aprobar\u00eda de antemano.<\/p>\n<p style=\"text-align: center;\"><a href=\"https:\/\/www.futboltotal.com.mx\/futbol-internacional\/champions-league\/una-champions-league-escaso-sabor-azteca\/2017\/10\">VER M\u00c1S: Una Champions League con escaso sabor azteca<\/a><\/p>\n<p>De acuerdo con la publicaci\u00f3n, <strong>el padre del brasile\u00f1o<\/strong> ha mantenido constantes pl\u00e1ticas con\u00a0 el dirigente de los merengues, quien le ha manifestado que est\u00e1 preocupado por no encontrar una figura que comience a brillar, una vez que\u00a0<strong>Cristiano Ronaldo<\/strong> empiece a apagarse o decida marcharse en busca de dinero en el final de su carrera. Por lo que un buen sustituto ser\u00eda Neymar. Se habla incluso que existe un pacto entre ambas partes.<\/p>\n<p><strong>\u00bfPor qu\u00e9 dejar al PSG?<\/strong><\/p>\n<p>Adem\u00e1s de los roces con el estratega y algunos otros con sus compa\u00f1eros, como el que tuvo con <strong>Edinson Cavani<\/strong>, lo que realmente le preocupa al jugador brasile\u00f1o es lograr los objetivos individuales que se ha planteado, todo s ellos que lo llevar\u00edan a competir por el\u00a0<strong>Bal\u00f3n de Oro<\/strong>, premio que anhela ganar y sabe que para conseguir la <strong>Champions League<\/strong> es un objetivo obligado, por el momento quiere un nuevo estratega y ha pedido como &#8216;9&#8217; a <strong>Karim Benzema<\/strong>, con quienes cree que podr\u00edan lograr un mejor rendimiento.<\/p>\n<p>De acuerdo con Diario Gol, el plazo que se ha puesto con el <strong>Paris Saint-Germain<\/strong> para lograr dichos objetivos es de 2 a\u00f1os, es decir, de no conseguirlos para <strong>2020<\/strong>, de inmediato se mover\u00eda para situarse en un equipo que le permita ser el n\u00famero uno mundial, superando a Ronaldo y <strong>Messi<\/strong>, y su primer opci\u00f3n sin duda ser\u00eda el <strong>Real Madrid<\/strong>, quien siempre pelea por lo m\u00e1s alto.<\/p>\n<p style=\"text-align: center;\"><a href=\"https:\/\/www.futboltotal.com.mx\/futbol-internacional\/bundesliga\/lewandowski-le-pide-al-bayern-munich-fichar-delantero\/2017\/10\">VER M\u00c1S: Lewandowski le pide al Bayern Munich fichar otro delantero<\/a><\/p>\n","protected":false},"excerpt":{"rendered":"<p>El brasile\u00f1o no la est\u00e1 pasando bien en PSG y quiere ser el n\u00famero uno del mundo<\/p>\n","protected":false},"author":159,"featured_media":507419,"comment_status":"closed","ping_status":"closed","sticky":false,"template":"","format":"standard","meta":[],"categories":[3839,3844],"tags":[1083,6001,1376,5988],"_links":{"self":[{"href":"http:\/\/desarrollo.grupomedios.com\/futbol\/wp-json\/wp\/v2\/posts\/507417"}],"collection":[{"href":"http:\/\/desarrollo.grupomedios.com\/futbol\/wp-json\/wp\/v2\/posts"}],"about":[{"href":"http:\/\/desarrollo.grupomedios.com\/futbol\/wp-json\/wp\/v2\/types\/post"}],"author":[{"embeddable":true,"href":"http:\/\/desarrollo.grupomedios.com\/futbol\/wp-json\/wp\/v2\/users\/159"}],"replies":[{"embeddable":true,"href":"http:\/\/desarrollo.grupomedios.com\/futbol\/wp-json\/wp\/v2\/comments?post=507417"}],"version-history":[{"count":1,"href":"http:\/\/desarrollo.grupomedios.com\/futbol\/wp-json\/wp\/v2\/posts\/507417\/revisions"}],"predecessor-version":[{"id":507420,"href":"http:\/\/desarrollo.grupomedios.com\/futbol\/wp-json\/wp\/v2\/posts\/507417\/revisions\/507420"}],"wp:featuredmedia":[{"embeddable":true,"href":"http:\/\/desarrollo.grupomedios.com\/futbol\/wp-json\/wp\/v2\/media\/507419"}],"wp:attachment":[{"href":"http:\/\/desarrollo.grupomedios.com\/futbol\/wp-json\/wp\/v2\/media?parent=507417"}],"wp:term":[{"taxonomy":"category","embeddable":true,"href":"http:\/\/desarrollo.grupomedios.com\/futbol\/wp-json\/wp\/v2\/categories?post=507417"},{"taxonomy":"post_tag","embeddable":true,"href":"http:\/\/desarrollo.grupomedios.com\/futbol\/wp-json\/wp\/v2\/tags?post=507417"}],"curies":[{"name":"wp","href":"https:\/\/api.w.org\/{rel}","templated":true}]}}