{"id":507425,"date":"2017-10-31T11:58:13","date_gmt":"2017-10-31T17:58:13","guid":{"rendered":"https:\/\/www.futboltotal.com.mx\/?p=507425"},"modified":"2017-10-31T12:03:06","modified_gmt":"2017-10-31T18:03:06","slug":"pedro-caixinha-ya-tiene-ofertas-la-liga-mx","status":"publish","type":"post","link":"http:\/\/desarrollo.grupomedios.com\/futbol\/destacado-home\/pedro-caixinha-ya-tiene-ofertas-la-liga-mx\/2017\/10","title":{"rendered":"Pedro Caixinha ya tiene ofertas de la Liga MX"},"content":{"rendered":"<p><strong>POR: STAFF FT<\/strong><\/p>\n<p>El estratega portugu\u00e9s,\u00a0<strong>Pedro Caixinha,\u00a0<\/strong>tiene varias ofertas dentro del futbol mexicano para volver a dirigir, de acuerdo a su representante\u00a0<strong>Nuno Batista,\u00a0<\/strong>que revel\u00f3 esto en una entrevista para un tabloide escoc\u00e9s, pero no pudo dar m\u00e1s detalles al respecto, debido a que el t\u00e9cnico se encuentra negociando un paquete de indemnizaci\u00f3n con el <strong>Rangers<\/strong>, equipo que decidi\u00f3 destituirlo luego de estar siete meses en el cargo.<\/p>\n<p>&#8220;<strong>S\u00ed, ha habido contactos de los clubes mexicanos<\/strong>, pero no podemos hablar con nadie hasta que lleguemos a un acuerdo con los\u00a0<strong>Rangers.\u00a0<\/strong>Pedro tiene un gran afecto por el f\u00fatbol mexicano. Obviamente trabaj\u00f3 all\u00ed durante unos a\u00f1os y lo hizo muy bien. Le encanta trabajar e involucrarse en un proyecto serio y hay muchas oportunidades en el f\u00fatbol mexicano&#8221;,\u00a0coment\u00f3 Batista a\u00a0<strong>The Scottish Sun.<\/strong><\/p>\n<p style=\"text-align: center;\"><a href=\"https:\/\/www.futboltotal.com.mx\/futbol-internacional\/liga-de-espana\/neymar-tiene-plan-llegar-al-real-madrid\/2017\/10\">VER M\u00c1S: Neymar tiene un plan para llegar al Real Madrid<\/a><\/p>\n<p>Las probabilidades de ver al estratega son muy altas, pues le interesa volver a dirigir en M\u00e9xico donde alcanz\u00f3 su mejor desempe\u00f1o dirigiendo al <strong>Santos Laguna<\/strong>, equipo con le que fue campe\u00f3n. Sin embargo, tambi\u00e9n es cierto que le han surgido nuevas ofertas de Europa, pero por el momento no se enfocar\u00e1 en su futuro hasta que su indemnizaci\u00f3n con Rangers est\u00e9 completada.<\/p>\n<p>&#8220;Todav\u00eda estamos tratando de finalizar los detalles con ellos y esa es nuestra prioridad por ahora. Despu\u00e9s de eso, podemos analizar las ofertas que han llegado tanto de los clubes en<strong> Europa<\/strong> como en otros lugares. No estamos descartando nada por ahora&#8221;, finaliz\u00f3 el representante del estratega portugu\u00e9s.<\/p>\n<p style=\"text-align: center;\"><a href=\"https:\/\/www.futboltotal.com.mx\/futbol-internacional\/bundesliga\/lewandowski-le-pide-al-bayern-munich-fichar-delantero\/2017\/10\">VER M\u00c1S: Lewandowski le pide al Bayern Munich fichar otro delantero<\/a><\/p>\n","protected":false},"excerpt":{"rendered":"<p>El portugu\u00e9s podr\u00eda regresar al futbol mexicano muy pronto <\/p>\n","protected":false},"author":159,"featured_media":507429,"comment_status":"closed","ping_status":"closed","sticky":false,"template":"","format":"standard","meta":[],"categories":[5,2198,3845],"tags":[8357,64,1968,174],"_links":{"self":[{"href":"http:\/\/desarrollo.grupomedios.com\/futbol\/wp-json\/wp\/v2\/posts\/507425"}],"collection":[{"href":"http:\/\/desarrollo.grupomedios.com\/futbol\/wp-json\/wp\/v2\/posts"}],"about":[{"href":"http:\/\/desarrollo.grupomedios.com\/futbol\/wp-json\/wp\/v2\/types\/post"}],"author":[{"embeddable":true,"href":"http:\/\/desarrollo.grupomedios.com\/futbol\/wp-json\/wp\/v2\/users\/159"}],"replies":[{"embeddable":true,"href":"http:\/\/desarrollo.grupomedios.com\/futbol\/wp-json\/wp\/v2\/comments?post=507425"}],"version-history":[{"count":1,"href":"http:\/\/desarrollo.grupomedios.com\/futbol\/wp-json\/wp\/v2\/posts\/507425\/revisions"}],"predecessor-version":[{"id":507430,"href":"http:\/\/desarrollo.grupomedios.com\/futbol\/wp-json\/wp\/v2\/posts\/507425\/revisions\/507430"}],"wp:featuredmedia":[{"embeddable":true,"href":"http:\/\/desarrollo.grupomedios.com\/futbol\/wp-json\/wp\/v2\/media\/507429"}],"wp:attachment":[{"href":"http:\/\/desarrollo.grupomedios.com\/futbol\/wp-json\/wp\/v2\/media?parent=507425"}],"wp:term":[{"taxonomy":"category","embeddable":true,"href":"http:\/\/desarrollo.grupomedios.com\/futbol\/wp-json\/wp\/v2\/categories?post=507425"},{"taxonomy":"post_tag","embeddable":true,"href":"http:\/\/desarrollo.grupomedios.com\/futbol\/wp-json\/wp\/v2\/tags?post=507425"}],"curies":[{"name":"wp","href":"https:\/\/api.w.org\/{rel}","templated":true}]}}