{"id":507438,"date":"2017-10-31T13:23:51","date_gmt":"2017-10-31T19:23:51","guid":{"rendered":"https:\/\/www.futboltotal.com.mx\/?p=507438"},"modified":"2017-10-31T13:23:51","modified_gmt":"2017-10-31T19:23:51","slug":"marcelo-acepta-al-real-madrid-le-falta-motivacion","status":"publish","type":"post","link":"http:\/\/desarrollo.grupomedios.com\/futbol\/futbol-internacional\/marcelo-acepta-al-real-madrid-le-falta-motivacion\/2017\/10","title":{"rendered":"Marcelo acepta que al Real Madrid le falta motivaci\u00f3n"},"content":{"rendered":"<p><strong>Por:EFE<\/strong><\/p>\n<p><strong>Marcelo<\/strong>, segundo capit\u00e1n del <strong>Real Madrid<\/strong>, admiti\u00f3 que su equipo tiene un problema de motivaci\u00f3n en la <strong>Liga espa\u00f1ola<\/strong> y reconoci\u00f3 que a veces se relajan durante los partidos y esta temporada les est\u00e1 costando caro.<\/p>\n<p>&#8220;Quiz\u00e1s sea la motivaci\u00f3n de cada jugador&#8221;, justific\u00f3 el defensa brasile\u00f1o al tratar de dar una explicaci\u00f3n sobre el mal momento que el Real Madrid vive en la Liga y que le tiene a ocho puntos del <strong>Barcelona<\/strong>.<\/p>\n<p>&#8220;Es normal, juegas un partido de <strong>Champions<\/strong>\u00a0y no lo puedo explicar, pero es la motivaci\u00f3n. Para ganar la Liga tienes que estar motivado y concentrado todo el a\u00f1o&#8221;, destac\u00f3 en rueda de prensa en el <strong>estadio Wembley<\/strong>.<\/p>\n<p style=\"text-align: center;\"><span style=\"color: #3366ff;\"><a href=\"https:\/\/www.futboltotal.com.mx\/futbol-mexicano\/liga-mx\/pedro-caixinha-ya-tiene-ofertas-la-liga-mx\/2017\/10\">VER M\u00c1S: Pedro Caixinha ya tiene ofertas de la Liga MX<\/a><\/span><\/p>\n<p>&#8220;La ganamos en el \u00faltimo partido la temporada pasada. Hay que intentar no perder puntos, pero es muy dif\u00edcil jugar partidos cada tres d\u00edas a un nivel mental muy alto. Estamos preparados para las cr\u00edticas, hay mucha presi\u00f3n para jugar en el Real Madrid. Tenemos que mejorar y vamos a hacerlo. No hay que volverse loco, pero hay que mejorar&#8221;, a\u00f1adi\u00f3.<\/p>\n<p>Marcelo record\u00f3 que problemas similares tuvieron la pasada temporada, en partidos en los que no manten\u00edan el mismo nivel de concentraci\u00f3n, pero que terminaban ganando con goles salvadores en los \u00faltimos minutos.<\/p>\n<p>&#8220;Jugando cada tres d\u00edas a veces te relajas un poco. La temporada pasada en varios momentos ganando un partido tambi\u00e9n nos relaj\u00e1bamos en pleno partido para acabar m\u00e1s fuerte y no hab\u00eda problema porque al final marc\u00e1bamos los goles. No es excusa, pero hay que mejorar, marcar m\u00e1s goles y defender mejor. Siempre hay que mejorar, hasta cuando ganas. Si no mejoras cada semana y en cada entrenamiento, est\u00e1s muerto. Vamos a hacer lo posible para ganar todos los partidos que quedan&#8221;, manifest\u00f3. EFE<\/p>\n<p style=\"text-align: center;\"><span style=\"color: #3366ff;\"><a href=\"https:\/\/www.futboltotal.com.mx\/futbol-mexicano\/liga-mx\/mohamed-tunde-a-edwin-cardona-asegura-bebote\/2017\/10\">VER M\u00c1S: Mohamed tunde a Edwin Cardona y asegura que es un \u201cbebote\u201d<\/a><\/span><\/p>\n","protected":false},"excerpt":{"rendered":"<p>El jugador Merengue desconoce el motivo por el que su equipo est\u00e1 as\u00ed.<\/p>\n","protected":false},"author":129,"featured_media":501144,"comment_status":"closed","ping_status":"closed","sticky":false,"template":"","format":"standard","meta":[],"categories":[3839,3844],"tags":[36,6214,1913,1197,5988],"_links":{"self":[{"href":"http:\/\/desarrollo.grupomedios.com\/futbol\/wp-json\/wp\/v2\/posts\/507438"}],"collection":[{"href":"http:\/\/desarrollo.grupomedios.com\/futbol\/wp-json\/wp\/v2\/posts"}],"about":[{"href":"http:\/\/desarrollo.grupomedios.com\/futbol\/wp-json\/wp\/v2\/types\/post"}],"author":[{"embeddable":true,"href":"http:\/\/desarrollo.grupomedios.com\/futbol\/wp-json\/wp\/v2\/users\/129"}],"replies":[{"embeddable":true,"href":"http:\/\/desarrollo.grupomedios.com\/futbol\/wp-json\/wp\/v2\/comments?post=507438"}],"version-history":[{"count":1,"href":"http:\/\/desarrollo.grupomedios.com\/futbol\/wp-json\/wp\/v2\/posts\/507438\/revisions"}],"predecessor-version":[{"id":507439,"href":"http:\/\/desarrollo.grupomedios.com\/futbol\/wp-json\/wp\/v2\/posts\/507438\/revisions\/507439"}],"wp:featuredmedia":[{"embeddable":true,"href":"http:\/\/desarrollo.grupomedios.com\/futbol\/wp-json\/wp\/v2\/media\/501144"}],"wp:attachment":[{"href":"http:\/\/desarrollo.grupomedios.com\/futbol\/wp-json\/wp\/v2\/media?parent=507438"}],"wp:term":[{"taxonomy":"category","embeddable":true,"href":"http:\/\/desarrollo.grupomedios.com\/futbol\/wp-json\/wp\/v2\/categories?post=507438"},{"taxonomy":"post_tag","embeddable":true,"href":"http:\/\/desarrollo.grupomedios.com\/futbol\/wp-json\/wp\/v2\/tags?post=507438"}],"curies":[{"name":"wp","href":"https:\/\/api.w.org\/{rel}","templated":true}]}}