{"id":507441,"date":"2017-10-31T13:48:30","date_gmt":"2017-10-31T19:48:30","guid":{"rendered":"https:\/\/www.futboltotal.com.mx\/?p=507441"},"modified":"2017-10-31T14:17:06","modified_gmt":"2017-10-31T20:17:06","slug":"gullit-pena-eduardo-herrera-culpables-despido-caixinha","status":"publish","type":"post","link":"http:\/\/desarrollo.grupomedios.com\/futbol\/destacado-home\/gullit-pena-eduardo-herrera-culpables-despido-caixinha\/2017\/10","title":{"rendered":"Gullit Pe\u00f1a y Eduardo Herrera, &#8216;culpables&#8217; de despido de Caixinha"},"content":{"rendered":"<p><strong>POR: STAFF FT<\/strong><\/p>\n<p>El reciente despido de <strong>Pedro Caixinha<\/strong> como t\u00e9cnico del <strong>Glasgow Rangers<\/strong> luego de los malos resultados que ha tenido el cuadro escoc\u00e9s en lo que va de la temporada 2017-2018 han causado que se busquen culpables entre el plantel y los jugadores se\u00f1alados son los mexicanos <strong>Carlos <em>Gullit<\/em> Pe\u00f1a<\/strong> y <strong>Eduardo Herrera<\/strong>.<\/p>\n<p>Los refuerzos que llegaron con los &#8216;<strong>Gers<\/strong>&#8216; previo al inicio de la actual campa\u00f1a por petici\u00f3n expresa del t\u00e9cnico portugu\u00e9s no han tenido el peso espec\u00edfico esperado y los medios deportivos locales les culpan por la irregularidad del equipo.<\/p>\n<p style=\"text-align: center;\"><a href=\"https:\/\/www.futboltotal.com.mx\/futbol-mexicano\/liga-mx\/pedro-caixinha-ya-tiene-ofertas-la-liga-mx\/2017\/10\" target=\"_blank\" rel=\"noopener\"><span style=\"color: #333399;\">VER M\u00c1S: Pedro Caixinha ya tiene ofertas de la Liga MX<\/span><\/a><\/p>\n<p>&#8220;Carlos y Eduardo lo han hecho bastante bien por el Rangers. La salida de Pedro no tuvo nada que ver con ellos, est\u00e1n haciendo su trabajo y son miembros importantes del equipo&#8221;, declar\u00f3 Nuno Batista, agente de Caixinha, en entrevista con &#8216;The Scottish Sun&#8217;.<\/p>\n<p>Las cr\u00edticas contra el <em>Gullit<\/em> y Lalo Herrera comenzaron a darse apenas inici\u00f3 la temporada y los jugadores tardaron en sumar minutos, particularmente Pe\u00f1a, adem\u00e1s de que no se han podido apoderar de un puesto en el equipo titular.<\/p>\n<p>&#8220;El problema es que los medios est\u00e1n buscando alguien para culpar y los eligieron a ellos&#8221;, agreg\u00f3 Batista.<\/p>\n","protected":false},"excerpt":{"rendered":"<p>Los refuerzos mexicanos son se\u00f1alados en Escocia tras el despido del t\u00e9cnico portugu\u00e9s.<\/p>\n","protected":false},"author":154,"featured_media":507444,"comment_status":"closed","ping_status":"closed","sticky":false,"template":"","format":"standard","meta":[],"categories":[5,3839,7552],"tags":[1781,1140,179,10989,1754,8689,10788,1968],"_links":{"self":[{"href":"http:\/\/desarrollo.grupomedios.com\/futbol\/wp-json\/wp\/v2\/posts\/507441"}],"collection":[{"href":"http:\/\/desarrollo.grupomedios.com\/futbol\/wp-json\/wp\/v2\/posts"}],"about":[{"href":"http:\/\/desarrollo.grupomedios.com\/futbol\/wp-json\/wp\/v2\/types\/post"}],"author":[{"embeddable":true,"href":"http:\/\/desarrollo.grupomedios.com\/futbol\/wp-json\/wp\/v2\/users\/154"}],"replies":[{"embeddable":true,"href":"http:\/\/desarrollo.grupomedios.com\/futbol\/wp-json\/wp\/v2\/comments?post=507441"}],"version-history":[{"count":1,"href":"http:\/\/desarrollo.grupomedios.com\/futbol\/wp-json\/wp\/v2\/posts\/507441\/revisions"}],"predecessor-version":[{"id":507445,"href":"http:\/\/desarrollo.grupomedios.com\/futbol\/wp-json\/wp\/v2\/posts\/507441\/revisions\/507445"}],"wp:featuredmedia":[{"embeddable":true,"href":"http:\/\/desarrollo.grupomedios.com\/futbol\/wp-json\/wp\/v2\/media\/507444"}],"wp:attachment":[{"href":"http:\/\/desarrollo.grupomedios.com\/futbol\/wp-json\/wp\/v2\/media?parent=507441"}],"wp:term":[{"taxonomy":"category","embeddable":true,"href":"http:\/\/desarrollo.grupomedios.com\/futbol\/wp-json\/wp\/v2\/categories?post=507441"},{"taxonomy":"post_tag","embeddable":true,"href":"http:\/\/desarrollo.grupomedios.com\/futbol\/wp-json\/wp\/v2\/tags?post=507441"}],"curies":[{"name":"wp","href":"https:\/\/api.w.org\/{rel}","templated":true}]}}