{"id":507452,"date":"2017-10-31T14:53:48","date_gmt":"2017-10-31T20:53:48","guid":{"rendered":"https:\/\/www.futboltotal.com.mx\/?p=507452"},"modified":"2017-10-31T14:53:48","modified_gmt":"2017-10-31T20:53:48","slug":"gabriel-penalba-defiende-a-jemez-asegura-los-mejores-dt","status":"publish","type":"post","link":"http:\/\/desarrollo.grupomedios.com\/futbol\/futbol-mexicano\/gabriel-penalba-defiende-a-jemez-asegura-los-mejores-dt\/2017\/10","title":{"rendered":"Gabriel Pe\u00f1alba defiende a J\u00e9mez y asegura que es de los mejores DT"},"content":{"rendered":"<p><strong>Gabriel Pe\u00f1alba,<\/strong> mediocampista de <strong>Cruz Azul<\/strong>, sali\u00f3 en defensa de <strong>Paco J\u00e9mez<\/strong> y asegur\u00f3 que el entrenador espa\u00f1ol es uno de los mejores t\u00e9cnicos que ha tenido durante su carrera como futbolista.<\/p>\n<p>\u201cLlevo 13 a\u00f1os profesionalmente como jugador y me ha tocado tener entrenadores que sinceramente eran muy malos, no te dejaban absolutamente nada, pero ten\u00edan resultados y yo creo que Paco (J\u00e9mez) es uno de los mejores entrenadores que he tenido y no es, como dije la vez pasada, para sobarle la espalda, esto es algo que todos los jugadores de Cruz Azul opinamos lo mismo.<\/p>\n<p style=\"text-align: center;\"><a href=\"https:\/\/www.futboltotal.com.mx\/liga-escocesa\/gullit-pena-eduardo-herrera-culpables-despido-caixinha\/2017\/10\">VER M\u00c1S: Gullit Pe\u00f1a y Eduardo Herrera, \u2018culpables\u2019 de despido de Caixinha<\/a><\/p>\n<p>\u201cPaco me parece que es un entrenador que tiene sus formas hacia ustedes (prensa) que pueden no gustar, pero del vestidor hacia dentro es un entrenador espectacular\u201d, extern\u00f3 el argentino.<\/p>\n<p>El jugador cementero tambi\u00e9n fue preguntado por las declaraciones del estratega, quien tras la derrota ante <strong>Tigres<\/strong>, dijo que el equipo parec\u00eda &#8220;est\u00fapido&#8221; por el tipo de errores que ten\u00eda.<\/p>\n<p>\u201cVoy a responder c\u00f3mo est\u00e1 el equipo m\u00e1s que nada. El equipo est\u00e1 bien, est\u00e1 confiado, porque dependemos de nosotros y no dependemos de nadie m\u00e1s (para alcanzar Liguilla). Con respecto a las declaraciones de Paco no voy a hablar. Ya se habl\u00f3 demasiado y no vale la pena seguir con ese tema\u201d, zanj\u00f3 el tema.<\/p>\n<p style=\"text-align: center;\"><span style=\"color: #3366ff;\"><a href=\"https:\/\/www.futboltotal.com.mx\/futbol-mexicano\/liga-mx\/mohamed-tunde-a-edwin-cardona-asegura-bebote\/2017\/10\">VER M\u00c1S: Mohamed tunde a Edwin Cardona y asegura que es un \u201cbebote\u201d<\/a><\/span><\/p>\n<p>En cuanto a la pol\u00e9mica que levant\u00f3 J\u00e9mez por cuestionar la grandeza de Cruz Azul, Pe\u00f1alba coment\u00f3:<\/p>\n<p>\u201cEst\u00e1 m\u00e1s que claro, no hace falta que lo diga Paco J\u00e9mez, Cruz Azul es un grande por su historia\u201d.<\/p>\n<p>Cuando restan dos fechas para que finalice el torneo, Cruz Azul, octavo en la clasificaci\u00f3n, requiere ganar ambos encuentros para asegurar su boleto a la Fiesta Grande.<\/p>\n<p><em>*Con informaci\u00f3n de Mediotiempo<\/em><\/p>\n","protected":false},"excerpt":{"rendered":"<p>El argentino destac\u00f3 la labor del espa\u00f1ol.<\/p>\n","protected":false},"author":129,"featured_media":507463,"comment_status":"closed","ping_status":"closed","sticky":false,"template":"","format":"standard","meta":[],"categories":[2198,3845],"tags":[5962,7809,64,7053],"_links":{"self":[{"href":"http:\/\/desarrollo.grupomedios.com\/futbol\/wp-json\/wp\/v2\/posts\/507452"}],"collection":[{"href":"http:\/\/desarrollo.grupomedios.com\/futbol\/wp-json\/wp\/v2\/posts"}],"about":[{"href":"http:\/\/desarrollo.grupomedios.com\/futbol\/wp-json\/wp\/v2\/types\/post"}],"author":[{"embeddable":true,"href":"http:\/\/desarrollo.grupomedios.com\/futbol\/wp-json\/wp\/v2\/users\/129"}],"replies":[{"embeddable":true,"href":"http:\/\/desarrollo.grupomedios.com\/futbol\/wp-json\/wp\/v2\/comments?post=507452"}],"version-history":[{"count":1,"href":"http:\/\/desarrollo.grupomedios.com\/futbol\/wp-json\/wp\/v2\/posts\/507452\/revisions"}],"predecessor-version":[{"id":507465,"href":"http:\/\/desarrollo.grupomedios.com\/futbol\/wp-json\/wp\/v2\/posts\/507452\/revisions\/507465"}],"wp:featuredmedia":[{"embeddable":true,"href":"http:\/\/desarrollo.grupomedios.com\/futbol\/wp-json\/wp\/v2\/media\/507463"}],"wp:attachment":[{"href":"http:\/\/desarrollo.grupomedios.com\/futbol\/wp-json\/wp\/v2\/media?parent=507452"}],"wp:term":[{"taxonomy":"category","embeddable":true,"href":"http:\/\/desarrollo.grupomedios.com\/futbol\/wp-json\/wp\/v2\/categories?post=507452"},{"taxonomy":"post_tag","embeddable":true,"href":"http:\/\/desarrollo.grupomedios.com\/futbol\/wp-json\/wp\/v2\/tags?post=507452"}],"curies":[{"name":"wp","href":"https:\/\/api.w.org\/{rel}","templated":true}]}}