{"id":507461,"date":"2017-10-31T14:58:59","date_gmt":"2017-10-31T20:58:59","guid":{"rendered":"https:\/\/www.futboltotal.com.mx\/?p=507461"},"modified":"2017-10-31T14:58:59","modified_gmt":"2017-10-31T20:58:59","slug":"veracruz-busca-bombazo-fichara-a-paolo-guerrero","status":"publish","type":"post","link":"http:\/\/desarrollo.grupomedios.com\/futbol\/futbol-mexicano\/veracruz-busca-bombazo-fichara-a-paolo-guerrero\/2017\/10","title":{"rendered":"Veracruz busca &#8216;bombazo&#8217; y fichar\u00e1 a Paolo Guerrero"},"content":{"rendered":"<p><strong>POR: STAFF FT<\/strong><\/p>\n<p>El <strong>Veracruz<\/strong> est\u00e1 en plena lucha por el descenso y ya piensa en un refuerzo de peso de cara al <strong>Clausura 2018<\/strong>, pues est\u00e1n buscando al delantero peruano, <strong>Paolo Guerrero<\/strong>, con quien ya habr\u00eda tenido conversaciones y en anteriores ocasiones ha sido vinculado con la <strong>Liga MX<\/strong>, de acuerdo al programa de radio Espacio Deportivo.<\/p>\n<p>Adem\u00e1s del programa de la emisora 88.9, otro programa, especializado en la actualidad de los jarochos,\u00a0Dale Tibur\u00f3n Radio, de Cambio Digital TV, han confirmado que el delantero no est\u00e1 contento en el <strong>Flamengo de Brasil<\/strong> y busca una salida, pues su temporada ha sido muy mala, por lo que ver\u00eda viable llegar como refuerzo de los <strong>Tiburones Rojos<\/strong>.<\/p>\n<blockquote class=\"twitter-tweet\" data-lang=\"es\">\n<p dir=\"ltr\" lang=\"es\">El peruano Paolo Guerrero estar\u00eda en la mira del Veracruz para el Clausura 2018 al no tener una buena temporada con el Flamengo de Brasil <a href=\"https:\/\/t.co\/4MKGOJiWCs\">pic.twitter.com\/4MKGOJiWCs<\/a><\/p>\n<p>\u2014 Espacio Deportivo (@e_deportivo) <a href=\"https:\/\/twitter.com\/e_deportivo\/status\/925457301330415618?ref_src=twsrc%5Etfw\">31 de octubre de 2017<\/a><\/p><\/blockquote>\n<p><script async src=\"https:\/\/platform.twitter.com\/widgets.js\" charset=\"utf-8\"><\/script><\/p>\n<p style=\"text-align: center;\"><a href=\"https:\/\/www.futboltotal.com.mx\/futbol-mexicano\/liga-mx\/pedro-caixinha-ya-tiene-ofertas-la-liga-mx\/2017\/10\">VER M\u00c1S: Pedro Caixinha ya tiene ofertas de la Liga MX<\/a><\/p>\n<p>Esta temporada no ha logrado mostrarse como uno de los referentes para su equipo, pues su salario es muy alto para el club y apenas a logrado<strong> 6 goles<\/strong> en la liga de Brasil, adem\u00e1s su contrato culmina en<strong> diciembre de este 2017<\/strong>, ser\u00eda un momento ideal para intentar ficharle pues al momento est\u00e1 en el repechaje para <strong>Rusia 2018<\/strong> ante <strong>Nueva Zelanda<\/strong> y de conseguir el boleto para el Mundial, podr\u00eda ser m\u00e1s dif\u00edcil obtenerlo.<\/p>\n<p>Veracruz por su parte vive momentos complicados, pues es el lugar n\u00famero<strong> 16 de la tabla general<\/strong> y no tiene posibilidades de pelear por el campeonato, pero lo m\u00e1s preocupante lo vive en la tabla del descenso, donde se encuentra en <strong>la \u00faltima posici\u00f3n<\/strong> y podr\u00eda despedirse de la primera divisi\u00f3n en el pr\u00f3ximo torneo, por lo que un delantero de la talla del peruano ser\u00eda una incorporaci\u00f3n de peso que podr\u00eda darle otro nivel al ataque de los jarochos.<\/p>\n<p style=\"text-align: center;\"><a href=\"https:\/\/www.futboltotal.com.mx\/futbol-internacional\/liga-de-espana\/joachim-low-suena-dirigir-al-real-madrid\/2017\/10\">VER M\u00c1S: Joachim L\u00f6w suena para dirigir al Real Madrid<\/a><\/p>\n","protected":false},"excerpt":{"rendered":"<p>El peruano ser\u00eda la incorporaci\u00f3n de los Tiburones en el Clausura 2018<\/p>\n","protected":false},"author":159,"featured_media":507466,"comment_status":"closed","ping_status":"closed","sticky":false,"template":"","format":"standard","meta":[],"categories":[2198,3845],"tags":[755,64,5565,6049],"_links":{"self":[{"href":"http:\/\/desarrollo.grupomedios.com\/futbol\/wp-json\/wp\/v2\/posts\/507461"}],"collection":[{"href":"http:\/\/desarrollo.grupomedios.com\/futbol\/wp-json\/wp\/v2\/posts"}],"about":[{"href":"http:\/\/desarrollo.grupomedios.com\/futbol\/wp-json\/wp\/v2\/types\/post"}],"author":[{"embeddable":true,"href":"http:\/\/desarrollo.grupomedios.com\/futbol\/wp-json\/wp\/v2\/users\/159"}],"replies":[{"embeddable":true,"href":"http:\/\/desarrollo.grupomedios.com\/futbol\/wp-json\/wp\/v2\/comments?post=507461"}],"version-history":[{"count":1,"href":"http:\/\/desarrollo.grupomedios.com\/futbol\/wp-json\/wp\/v2\/posts\/507461\/revisions"}],"predecessor-version":[{"id":507467,"href":"http:\/\/desarrollo.grupomedios.com\/futbol\/wp-json\/wp\/v2\/posts\/507461\/revisions\/507467"}],"wp:featuredmedia":[{"embeddable":true,"href":"http:\/\/desarrollo.grupomedios.com\/futbol\/wp-json\/wp\/v2\/media\/507466"}],"wp:attachment":[{"href":"http:\/\/desarrollo.grupomedios.com\/futbol\/wp-json\/wp\/v2\/media?parent=507461"}],"wp:term":[{"taxonomy":"category","embeddable":true,"href":"http:\/\/desarrollo.grupomedios.com\/futbol\/wp-json\/wp\/v2\/categories?post=507461"},{"taxonomy":"post_tag","embeddable":true,"href":"http:\/\/desarrollo.grupomedios.com\/futbol\/wp-json\/wp\/v2\/tags?post=507461"}],"curies":[{"name":"wp","href":"https:\/\/api.w.org\/{rel}","templated":true}]}}