{"id":507469,"date":"2017-10-31T15:36:26","date_gmt":"2017-10-31T21:36:26","guid":{"rendered":"https:\/\/www.futboltotal.com.mx\/?p=507469"},"modified":"2017-10-31T15:36:26","modified_gmt":"2017-10-31T21:36:26","slug":"america-va-carro-completo-cuartos-contra-gallos","status":"publish","type":"post","link":"http:\/\/desarrollo.grupomedios.com\/futbol\/futbol-mexicano\/america-va-carro-completo-cuartos-contra-gallos\/2017\/10","title":{"rendered":"Am\u00e9rica va &#8220;con carro completo&#8221; para cuartos contra Gallos"},"content":{"rendered":"<p>Las <em>\u00c1guilas<\/em> del <strong>Am\u00e9rica<\/strong> van con equipo completo para los cuartos de final contra los <em>Gallos Blancos<\/em> de <strong>Quer\u00e9taro<\/strong>.<\/p>\n<p><strong>Miguel Herrera<\/strong> dio a conocer el once titular que disputar\u00e1 el partido en el estadio Azteca de la Ciudad de M\u00e9xico.<\/p>\n<p>En la porter\u00eda estar\u00e1 <strong>Agust\u00edn Marches\u00edn<\/strong>; la l\u00ednea defensiva la conformar\u00e1n Paul Aguilar, Bruno Valdez, Pablo Aguilar y\u00a0 Miguel Samudio.<\/p>\n<p style=\"text-align: center;\"><span style=\"color: #333399;\"><a href=\"https:\/\/www.futboltotal.com.mx\/futbol-mexicano\/miguel-herrera-acepta-se-equivoco-tras-sena-obscena\/2017\/10\">VER M\u00c1S: <span class=\"item-title\">Miguel Herrera acepta que se equivoc\u00f3 tras se\u00f1a obscena<\/span><\/a><\/span><\/p>\n<p>En el mediocampo estar\u00e1n <strong>Edson \u00c1lvarez<\/strong>, Guido Rodr\u00edguez y Mateus Uribe formando la l\u00ednea de tres.<\/p>\n<p>En la delantera, <strong>Diego Lainez<\/strong> mantiene su puesto titular, acompa\u00f1ando a Darwin Quintero y Oribe Peralta.<\/p>\n<p>Am\u00e9rica disputar\u00e1 su juego de cuartos de final contra Quer\u00e9taro este mi\u00e9rcoles a las 21:00 horas.<\/p>\n<p style=\"text-align: center;\"><span style=\"color: #333399;\"><a href=\"https:\/\/www.futboltotal.com.mx\/futbol-mexicano\/veracruz-busca-bombazo-fichara-a-paolo-guerrero\/2017\/10\">VER M\u00c1S: <span class=\"item-title\">Veracruz busca \u2018bombazo\u2019 y fichar\u00e1 a Paolo Guerrero<\/span><\/a><\/span><\/p>\n","protected":false},"excerpt":{"rendered":"<p>Las once \u00e1guilas que volar\u00e1n sobre el Azteca ya est\u00e1n listas<\/p>\n","protected":false},"author":160,"featured_media":507472,"comment_status":"closed","ping_status":"closed","sticky":false,"template":"","format":"standard","meta":[],"categories":[4247,2198,3845],"tags":[5959,285,482,5970],"_links":{"self":[{"href":"http:\/\/desarrollo.grupomedios.com\/futbol\/wp-json\/wp\/v2\/posts\/507469"}],"collection":[{"href":"http:\/\/desarrollo.grupomedios.com\/futbol\/wp-json\/wp\/v2\/posts"}],"about":[{"href":"http:\/\/desarrollo.grupomedios.com\/futbol\/wp-json\/wp\/v2\/types\/post"}],"author":[{"embeddable":true,"href":"http:\/\/desarrollo.grupomedios.com\/futbol\/wp-json\/wp\/v2\/users\/160"}],"replies":[{"embeddable":true,"href":"http:\/\/desarrollo.grupomedios.com\/futbol\/wp-json\/wp\/v2\/comments?post=507469"}],"version-history":[{"count":1,"href":"http:\/\/desarrollo.grupomedios.com\/futbol\/wp-json\/wp\/v2\/posts\/507469\/revisions"}],"predecessor-version":[{"id":507475,"href":"http:\/\/desarrollo.grupomedios.com\/futbol\/wp-json\/wp\/v2\/posts\/507469\/revisions\/507475"}],"wp:featuredmedia":[{"embeddable":true,"href":"http:\/\/desarrollo.grupomedios.com\/futbol\/wp-json\/wp\/v2\/media\/507472"}],"wp:attachment":[{"href":"http:\/\/desarrollo.grupomedios.com\/futbol\/wp-json\/wp\/v2\/media?parent=507469"}],"wp:term":[{"taxonomy":"category","embeddable":true,"href":"http:\/\/desarrollo.grupomedios.com\/futbol\/wp-json\/wp\/v2\/categories?post=507469"},{"taxonomy":"post_tag","embeddable":true,"href":"http:\/\/desarrollo.grupomedios.com\/futbol\/wp-json\/wp\/v2\/tags?post=507469"}],"curies":[{"name":"wp","href":"https:\/\/api.w.org\/{rel}","templated":true}]}}