{"id":507470,"date":"2017-10-31T15:57:04","date_gmt":"2017-10-31T21:57:04","guid":{"rendered":"https:\/\/www.futboltotal.com.mx\/?p=507470"},"modified":"2017-10-31T16:51:19","modified_gmt":"2017-10-31T22:51:19","slug":"manchester-united-2-0-benfica-champions-league-2017-resumen","status":"publish","type":"post","link":"http:\/\/desarrollo.grupomedios.com\/futbol\/destacado-home\/manchester-united-2-0-benfica-champions-league-2017-resumen\/2017\/10","title":{"rendered":"Manchester United triunfa ante el Benfica de Jim\u00e9nez y est\u00e1 en Octavos"},"content":{"rendered":"<p>El <strong>Manchester United<\/strong> corri\u00f3 con suerte y derrot\u00f3 2-0 al Benfica de <strong>Ra\u00fal Jim\u00e9nez<\/strong> para lograr su clasificaci\u00f3n a los <strong>Octavos de Final de la UEFA Champions League<\/strong>.<\/p>\n<blockquote class=\"twitter-tweet\" data-width=\"500\">\n<p lang=\"es\" dir=\"ltr\">FINAL: Manchester United 2-0 Benfica. Autogol y gol de penalti de <a href=\"https:\/\/twitter.com\/BlindDaley?ref_src=twsrc%5Etfw\">@BlindDaley<\/a>. \u00a14 victorias en 4 partidos de <a href=\"https:\/\/twitter.com\/ChampionsLeague?ref_src=twsrc%5Etfw\">@ChampionsLeague<\/a>! <a href=\"https:\/\/twitter.com\/hashtag\/mufc?src=hash&amp;ref_src=twsrc%5Etfw\">#mufc<\/a> <a href=\"https:\/\/t.co\/FvZuPP9zxi\">pic.twitter.com\/FvZuPP9zxi<\/a><\/p>\n<p>&mdash; Manchester United (@ManUtd_Es) <a href=\"https:\/\/twitter.com\/ManUtd_Es\/status\/925476885412352000?ref_src=twsrc%5Etfw\">October 31, 2017<\/a><\/p><\/blockquote>\n<p><script async src=\"https:\/\/platform.twitter.com\/widgets.js\" charset=\"utf-8\"><\/script><\/p>\n<p>Un empate le bastaba al equipo de J<strong>os\u00e9 Mourinho<\/strong> para clasificarse, aunque eso no evit\u00f3 que sus jugadores fueran por el triunfo y <strong>Anthony Martial<\/strong> fuera una pesadilla para los defensas de las<strong> \u00c1guilas,<\/strong> que pr\u00e1cticamente ten\u00edan que ganar para tener aspiraciones a una posible clasificaci\u00f3n.<\/p>\n<p>El delantero franc\u00e9s fue derribado al miuto 13&#8242; y al momento de caer, Douglas meti\u00f3 la mano que deriv\u00f3 con un penal para los Red Devils. El mismo Martial cobr\u00f3 pero el joven arquero <strong>Svilar<\/strong> desvi\u00f3 el disparo.<\/p>\n<p>Por su parte, el Benfica tuvo un par de oportunidades con Ra\u00fal Jim\u00e9nez y <strong>Goncalves<\/strong>. Este \u00faltimo puso a trabajar a David de Gea y el espa\u00f1ol vol\u00f3 para enviar a tiro de esquina.<\/p>\n<blockquote class=\"twitter-video\" data-lang=\"es\">\n<p dir=\"ltr\" lang=\"fr\">&#x1f4c8;\u26bd\ufe0f Mile <a href=\"https:\/\/twitter.com\/hashtag\/Svilar?src=hash&amp;ref_src=twsrc%5Etfw\">#Svilar<\/a> devient le plus jeune gardien \u00e0 stopper un penalty en <a href=\"https:\/\/twitter.com\/ChampionsLeague?ref_src=twsrc%5Etfw\">@ChampionsLeague<\/a> (18 ans et 65 jours)\u2757<a href=\"https:\/\/twitter.com\/hashtag\/UCL?src=hash&amp;ref_src=twsrc%5Etfw\">#UCL<\/a> <a href=\"https:\/\/twitter.com\/hashtag\/MUFCSLB?src=hash&amp;ref_src=twsrc%5Etfw\">#MUFCSLB<\/a> <a href=\"https:\/\/t.co\/zps00il4jp\">pic.twitter.com\/zps00il4jp<\/a><\/p>\n<p>\u2014 Main Oppos\u00e9e (@_MainOpposee) <a href=\"https:\/\/twitter.com\/_MainOpposee\/status\/925456524373364738?ref_src=twsrc%5Etfw\">31 de octubre de 2017<\/a><\/p><\/blockquote>\n<p><script async src=\"https:\/\/platform.twitter.com\/widgets.js\" charset=\"utf-8\"><\/script><\/p>\n<p>La fortuna otra vez no estuvo del lado de los portugueses y tras un disparo de Nemanja Matic, el bal\u00f3n se estrell\u00f3 en Svilar e ingres\u00f3 en la porter\u00eda a minutos del descanso.<\/p>\n<blockquote class=\"twitter-video\" data-lang=\"es\">\n<p dir=\"ltr\" lang=\"es\">Mala fortuna para Svilar, el portero de <a href=\"https:\/\/twitter.com\/SLBenfica?ref_src=twsrc%5Etfw\">@SLBenfica<\/a> que anot\u00f3 en propia puerta el primer gol del encuentro. <a href=\"https:\/\/t.co\/4r6vFJPGSa\">pic.twitter.com\/4r6vFJPGSa<\/a><\/p>\n<p>\u2014 TITANES.club (@TitanesLeague) <a href=\"https:\/\/twitter.com\/TitanesLeague\/status\/925463228804722690?ref_src=twsrc%5Etfw\">31 de octubre de 2017<\/a><\/p><\/blockquote>\n<p><script async src=\"https:\/\/platform.twitter.com\/widgets.js\" charset=\"utf-8\"><\/script><\/p>\n<p>Para la segunda mitad el Benfica se fue al frente pero sin generar peligro. La jugada m\u00e1s importante fue cuando el mexicano Jim\u00e9nez rob\u00f3 un bal\u00f3n y mand\u00f3 su bal\u00f3n al poste.<\/p>\n<blockquote class=\"twitter-video\" data-lang=\"es\">\n<p dir=\"ltr\" lang=\"es\"><a href=\"https:\/\/twitter.com\/hashtag\/LaChampionsXLosExpulsados?src=hash&amp;ref_src=twsrc%5Etfw\">#LaChampionsXLosExpulsados<\/a> | <a href=\"https:\/\/twitter.com\/Raul_Jimenez9?ref_src=twsrc%5Etfw\">@Raul_Jimenez9<\/a> dejo ir el empate del <a href=\"https:\/\/twitter.com\/SLBenfica?ref_src=twsrc%5Etfw\">@SLBenfica<\/a> frente al <a href=\"https:\/\/twitter.com\/ManUtd_Es?ref_src=twsrc%5Etfw\">@ManUtd_Es<\/a> <a href=\"https:\/\/t.co\/iPyIQasZeK\">pic.twitter.com\/iPyIQasZeK<\/a><\/p>\n<p>\u2014 Los Expulsados (@losexpulsados) <a href=\"https:\/\/twitter.com\/losexpulsados\/status\/925471165853896704?ref_src=twsrc%5Etfw\">31 de octubre de 2017<\/a><\/p><\/blockquote>\n<p><script async src=\"https:\/\/platform.twitter.com\/widgets.js\" charset=\"utf-8\"><\/script><\/p>\n<p>El Manchester United sigui\u00f3 a su ritmo y Marcus Rasfhord consigui\u00f3 ser derribado dentro del \u00e1rea para que el holand\u00e9s Daily Blind marcara el segundo gol del partido.<\/p>\n","protected":false},"excerpt":{"rendered":"<p>Los Red Devils amarraron su calificaci\u00f3n a la siguiente fase.<\/p>\n","protected":false},"author":129,"featured_media":507473,"comment_status":"closed","ping_status":"closed","sticky":false,"template":"","format":"standard","meta":[],"categories":[3841,5,3839],"tags":[6060,36,6214,43,3120,742],"_links":{"self":[{"href":"http:\/\/desarrollo.grupomedios.com\/futbol\/wp-json\/wp\/v2\/posts\/507470"}],"collection":[{"href":"http:\/\/desarrollo.grupomedios.com\/futbol\/wp-json\/wp\/v2\/posts"}],"about":[{"href":"http:\/\/desarrollo.grupomedios.com\/futbol\/wp-json\/wp\/v2\/types\/post"}],"author":[{"embeddable":true,"href":"http:\/\/desarrollo.grupomedios.com\/futbol\/wp-json\/wp\/v2\/users\/129"}],"replies":[{"embeddable":true,"href":"http:\/\/desarrollo.grupomedios.com\/futbol\/wp-json\/wp\/v2\/comments?post=507470"}],"version-history":[{"count":3,"href":"http:\/\/desarrollo.grupomedios.com\/futbol\/wp-json\/wp\/v2\/posts\/507470\/revisions"}],"predecessor-version":[{"id":507509,"href":"http:\/\/desarrollo.grupomedios.com\/futbol\/wp-json\/wp\/v2\/posts\/507470\/revisions\/507509"}],"wp:featuredmedia":[{"embeddable":true,"href":"http:\/\/desarrollo.grupomedios.com\/futbol\/wp-json\/wp\/v2\/media\/507473"}],"wp:attachment":[{"href":"http:\/\/desarrollo.grupomedios.com\/futbol\/wp-json\/wp\/v2\/media?parent=507470"}],"wp:term":[{"taxonomy":"category","embeddable":true,"href":"http:\/\/desarrollo.grupomedios.com\/futbol\/wp-json\/wp\/v2\/categories?post=507470"},{"taxonomy":"post_tag","embeddable":true,"href":"http:\/\/desarrollo.grupomedios.com\/futbol\/wp-json\/wp\/v2\/tags?post=507470"}],"curies":[{"name":"wp","href":"https:\/\/api.w.org\/{rel}","templated":true}]}}