{"id":507471,"date":"2017-10-31T15:56:39","date_gmt":"2017-10-31T21:56:39","guid":{"rendered":"https:\/\/www.futboltotal.com.mx\/?p=507471"},"modified":"2017-10-31T15:56:59","modified_gmt":"2017-10-31T21:56:59","slug":"olympiacos-0-barcelona-0-champions-league-2017-resumen","status":"publish","type":"post","link":"http:\/\/desarrollo.grupomedios.com\/futbol\/destacado-home\/olympiacos-0-barcelona-0-champions-league-2017-resumen\/2017\/10","title":{"rendered":"Barcelona vive noche de terror y empata con Olympiacos"},"content":{"rendered":"<p>Un <strong>FC Barcelona<\/strong> gris no logr\u00f3 su cuarto triunfo consecutivo al empatar sin goles ante el <strong>Olympiacos<\/strong> en el\u00a0Estadio Georgios Karaiskakis, en un encuentro en el que <strong>Luis Su\u00e1rez<\/strong> mostr\u00f3 que est\u00e1 pasando por una racha de terror al fallar ocasiones claras de gol y un <strong>Lionel Messi<\/strong> que pec\u00f3 de individualista y no logr\u00f3 crear da\u00f1o, adem\u00e1s de improvisar con <strong>Denis Su\u00e1rez<\/strong> en el tridente ofensivo.<\/p>\n<p>El encuentro tuvo un dominio total del Barcelona, <strong>Semedo<\/strong> era el m\u00e1s peligroso con sus constantes ingresos por la banda derecha, en uno de ellos tir\u00f3 a quemarropa pero el guardameta,\u00a0<strong>Silvio Proto<\/strong>, logr\u00f3 atajar de gran forma. Despu\u00e9s de los primeros quince minutos fue cuando el Olympiacos se hizo presente en el arco rival, pero un<strong> ter Stegen<\/strong> que est\u00e1 en plan grande ataj\u00f3 los pocos embates que tuvo en contra.<\/p>\n<p style=\"text-align: center;\"><a href=\"https:\/\/www.futboltotal.com.mx\/futbol-internacional\/liga-de-espana\/joachim-low-suena-dirigir-al-real-madrid\/2017\/10\">VER M\u00c1S: Joachim L\u00f6w suena para dirigir al Real Madrid<\/a><\/p>\n<p>El resto del primer tiempo se vivi\u00f3 con un concierto entre <strong>Messi y Luis Su\u00e1rez<\/strong>, quienes tuvieron buenas oportunidades para abrir el marcador, sobre todo el uruguayo que demostr\u00f3 no estar en su mejor momento y en cambio, Proto demostr\u00f3 su versatilidad para atajar, no siempre de forma ortodoxa pero si con efectividad. Los griegos se acercaron con un tiro de\u00a0<strong>Fortounis<\/strong> que pas\u00f3 por encima del arco y un centro que<strong> ter Stegen<\/strong> alcanz\u00f3 a desviar antes que fuera rematado.<\/p>\n<p>En el segundo tiempo\u00a0<strong>Deulofeu<\/strong> fue el que m\u00e1s busc\u00f3 pero sin tener \u00e9xito, centr\u00f3 e intent\u00f3 ser punzante por el costado derecho. Messi tuvo dos oportunidades a bal\u00f3n parado que no pudo lograr y una falla incre\u00edble ya con el arco abierto que no pudo concretar. Los \u00faltimos 10 minutos fueron tiros al arco del <strong>Barcelona, Messi y Su\u00e1rez<\/strong> intentaron de todos lados pero ning\u00fan esf\u00e9rico logro entrar en la porter\u00eda.<\/p>\n<p>Ahora los blaugranas contin\u00faan con su buena racha invicta, aunque el empate les sabr\u00e1 a poco, pues con el triunfo aseguraban un lugar en la siguiente ronda. El fin de semana se enfrentar\u00e1n ante el<strong> Sevilla<\/strong> en busca de continuar su camino como l\u00edderes del torneo.<\/p>\n<p style=\"text-align: center;\"><a href=\"https:\/\/www.futboltotal.com.mx\/futbol-internacional\/liga-de-espana\/neymar-tiene-plan-llegar-al-real-madrid\/2017\/10\">VER M\u00c1S: Neymar tiene un plan para llegar al Real Madrid<\/a><\/p>\n<p>&nbsp;<\/p>\n","protected":false},"excerpt":{"rendered":"<p>Los Blaugranas no pudieron anotar un gol en Grecia<\/p>\n","protected":false},"author":159,"featured_media":507478,"comment_status":"closed","ping_status":"closed","sticky":false,"template":"","format":"standard","meta":[],"categories":[3841,5,3839],"tags":[5984,36,6012,6016,6091],"_links":{"self":[{"href":"http:\/\/desarrollo.grupomedios.com\/futbol\/wp-json\/wp\/v2\/posts\/507471"}],"collection":[{"href":"http:\/\/desarrollo.grupomedios.com\/futbol\/wp-json\/wp\/v2\/posts"}],"about":[{"href":"http:\/\/desarrollo.grupomedios.com\/futbol\/wp-json\/wp\/v2\/types\/post"}],"author":[{"embeddable":true,"href":"http:\/\/desarrollo.grupomedios.com\/futbol\/wp-json\/wp\/v2\/users\/159"}],"replies":[{"embeddable":true,"href":"http:\/\/desarrollo.grupomedios.com\/futbol\/wp-json\/wp\/v2\/comments?post=507471"}],"version-history":[{"count":3,"href":"http:\/\/desarrollo.grupomedios.com\/futbol\/wp-json\/wp\/v2\/posts\/507471\/revisions"}],"predecessor-version":[{"id":507510,"href":"http:\/\/desarrollo.grupomedios.com\/futbol\/wp-json\/wp\/v2\/posts\/507471\/revisions\/507510"}],"wp:featuredmedia":[{"embeddable":true,"href":"http:\/\/desarrollo.grupomedios.com\/futbol\/wp-json\/wp\/v2\/media\/507478"}],"wp:attachment":[{"href":"http:\/\/desarrollo.grupomedios.com\/futbol\/wp-json\/wp\/v2\/media?parent=507471"}],"wp:term":[{"taxonomy":"category","embeddable":true,"href":"http:\/\/desarrollo.grupomedios.com\/futbol\/wp-json\/wp\/v2\/categories?post=507471"},{"taxonomy":"post_tag","embeddable":true,"href":"http:\/\/desarrollo.grupomedios.com\/futbol\/wp-json\/wp\/v2\/tags?post=507471"}],"curies":[{"name":"wp","href":"https:\/\/api.w.org\/{rel}","templated":true}]}}