{"id":507474,"date":"2017-10-31T15:56:18","date_gmt":"2017-10-31T21:56:18","guid":{"rendered":"https:\/\/www.futboltotal.com.mx\/?p=507474"},"modified":"2017-10-31T15:56:18","modified_gmt":"2017-10-31T21:56:18","slug":"adidas-presentara-nuevo-jersey-la-seleccion-mexicana","status":"publish","type":"post","link":"http:\/\/desarrollo.grupomedios.com\/futbol\/destacado-home\/adidas-presentara-nuevo-jersey-la-seleccion-mexicana\/2017\/10","title":{"rendered":"adidas presentar\u00e1 el nuevo jersey de la Selecci\u00f3n Mexicana"},"content":{"rendered":"<p>La espera est\u00e1 por terminar. El <a href=\"https:\/\/www.futboltotal.com.mx\/futbol-mexicano\/revelan-fecha-salida-del-nuevo-jersey-mexico\/2017\/09\" target=\"_blank\" rel=\"noopener\"><span style=\"color: #333399;\"><strong>nuevo jersey<\/strong> de la <strong>Selecci\u00f3n Mexicana<\/strong><\/span><\/a>, mismo que usar\u00e1 durante el pr\u00f3ximo <strong>Mundial Rusia 2018<\/strong>, ser\u00e1 presentado el pr\u00f3ximo jueves 2 de noviembre por parte de la marca deportiva <strong>adidas<\/strong>, que se encarga de vestir al <strong>Tri<\/strong>.<\/p>\n<p>La sede para llevar a cabo la presentaci\u00f3n de la nueva piel tricolor ser\u00e1 el emblem\u00e1tico <strong>Monumento a la Revoluci\u00f3n<\/strong> ubicado en la <strong>Ciudad de M\u00e9xico<\/strong>, donde se oficializar\u00e1 un uniforme que en los \u00faltimos meses ya ha sufrido <a href=\"https:\/\/www.futboltotal.com.mx\/futbol-mexicano\/seleccion-mexicana\/confirmado-mexico-presentara-jersey-mundialista-en-noviembre\/2017\/10\" target=\"_blank\" rel=\"noopener\"><span style=\"color: #333399;\">varias filtraciones de im\u00e1genes en redes sociales<\/span><\/a>, incluyendo una que <a href=\"https:\/\/www.futboltotal.com.mx\/futbol-mexicano\/seleccion-mexicana\/jesus-corona-filtra-nuevo-uniforme-mexico-accidente\/2017\/10\" target=\"_blank\" rel=\"noopener\"><span style=\"color: #333399;\">el portero Jos\u00e9 de Jes\u00fas Corona cometi\u00f3 por error<\/span><\/a>.<\/p>\n<p style=\"text-align: center;\"><a href=\"https:\/\/www.futboltotal.com.mx\/liga-escocesa\/gullit-pena-eduardo-herrera-culpables-despido-caixinha\/2017\/10\" target=\"_blank\" rel=\"noopener\"><span style=\"color: #333399;\">VER M\u00c1S: Gullit Pe\u00f1a y Eduardo Herrera, se\u00f1alados por el despido de Caixinha<\/span><\/a><\/p>\n<p>Este jersey del Tri ser\u00e1 estrenado dentro de unos d\u00edas, el <strong>10 de noviembre<\/strong>, cuando el <strong>Tri<\/strong> vista esta playera para el juego amistoso contra <strong>B\u00e9lgica<\/strong>.<\/p>\n<p><img decoding=\"async\" loading=\"lazy\" class=\"aligncenter size-large wp-image-502755\" src=\"https:\/\/www.futboltotal.com.mx\/wp-content\/uploads\/2017\/10\/Jersey-Mexico-Playera-Nueva2-1024x576.jpg\" alt=\"adidas presentar\u00e1 el nuevo jersey de la Selecci\u00f3n Mexicana 0\" srcset=\"http:\/\/desarrollo.grupomedios.com\/futbol\/wp-content\/uploads\/2017\/10\/Jersey-Mexico-Playera-Nueva2-1024x576.jpg 1024w, http:\/\/desarrollo.grupomedios.com\/futbol\/wp-content\/uploads\/2017\/10\/Jersey-Mexico-Playera-Nueva2-300x169.jpg 300w, http:\/\/desarrollo.grupomedios.com\/futbol\/wp-content\/uploads\/2017\/10\/Jersey-Mexico-Playera-Nueva2-768x432.jpg 768w, http:\/\/desarrollo.grupomedios.com\/futbol\/wp-content\/uploads\/2017\/10\/Jersey-Mexico-Playera-Nueva2-393x221.jpg 393w, http:\/\/desarrollo.grupomedios.com\/futbol\/wp-content\/uploads\/2017\/10\/Jersey-Mexico-Playera-Nueva2.jpg 1136w\" sizes=\"(max-width: 1024px) 100vw, 1024px\" \/><\/p>\n<p>Sobre el dise\u00f1o, la playera de local contar\u00e1 con un tono verde y l\u00edneas de un verde m\u00e1s tenue m\u00e1s otras l\u00edneas blancas en los hombros.<\/p>\n<p><img decoding=\"async\" loading=\"lazy\" class=\"aligncenter size-large wp-image-502742\" src=\"https:\/\/www.futboltotal.com.mx\/wp-content\/uploads\/2017\/10\/Jersey-Mexico-Playera-Nueva-1024x576.jpg\" alt=\"adidas presentar\u00e1 el nuevo jersey de la Selecci\u00f3n Mexicana 1\" srcset=\"http:\/\/desarrollo.grupomedios.com\/futbol\/wp-content\/uploads\/2017\/10\/Jersey-Mexico-Playera-Nueva-1024x576.jpg 1024w, http:\/\/desarrollo.grupomedios.com\/futbol\/wp-content\/uploads\/2017\/10\/Jersey-Mexico-Playera-Nueva-300x169.jpg 300w, http:\/\/desarrollo.grupomedios.com\/futbol\/wp-content\/uploads\/2017\/10\/Jersey-Mexico-Playera-Nueva-768x432.jpg 768w, http:\/\/desarrollo.grupomedios.com\/futbol\/wp-content\/uploads\/2017\/10\/Jersey-Mexico-Playera-Nueva-393x221.jpg 393w, http:\/\/desarrollo.grupomedios.com\/futbol\/wp-content\/uploads\/2017\/10\/Jersey-Mexico-Playera-Nueva.jpg 1136w\" sizes=\"(max-width: 1024px) 100vw, 1024px\" \/><\/p>\n<p>Por su parte, la equipaci\u00f3n de visita ser\u00e1 en blanco con l\u00edneas horizontales en verde, blanco y rojo al frente a media altura.<\/p>\n<p><img decoding=\"async\" loading=\"lazy\" class=\"aligncenter size-large wp-image-502754\" src=\"https:\/\/www.futboltotal.com.mx\/wp-content\/uploads\/2017\/10\/Jersey-Mexico-Playera-Nueva-visita-1024x576.jpg\" alt=\"adidas presentar\u00e1 el nuevo jersey de la Selecci\u00f3n Mexicana 2\" srcset=\"http:\/\/desarrollo.grupomedios.com\/futbol\/wp-content\/uploads\/2017\/10\/Jersey-Mexico-Playera-Nueva-visita-1024x576.jpg 1024w, http:\/\/desarrollo.grupomedios.com\/futbol\/wp-content\/uploads\/2017\/10\/Jersey-Mexico-Playera-Nueva-visita-300x169.jpg 300w, http:\/\/desarrollo.grupomedios.com\/futbol\/wp-content\/uploads\/2017\/10\/Jersey-Mexico-Playera-Nueva-visita-768x432.jpg 768w, http:\/\/desarrollo.grupomedios.com\/futbol\/wp-content\/uploads\/2017\/10\/Jersey-Mexico-Playera-Nueva-visita-393x221.jpg 393w, http:\/\/desarrollo.grupomedios.com\/futbol\/wp-content\/uploads\/2017\/10\/Jersey-Mexico-Playera-Nueva-visita.jpg 1136w\" sizes=\"(max-width: 1024px) 100vw, 1024px\" \/><\/p>\n<p>Adem\u00e1s de usarse para el partido ante B\u00e9lgica, el jersey ser\u00e1 usado para el encuentro ante\u00a0<strong>Polonia<\/strong> durante la gira europea del equipo de Juan Carlos Osorio, el pretexto ideal de la marca deportiva <strong>adidas<\/strong> para dar a conocer a todo el mundo la nueva indumentaria del cuadro mexicano.<\/p>\n","protected":false},"excerpt":{"rendered":"<p>Finalmente terminar\u00e1 la espera por la nueva piel del Tri.<\/p>\n","protected":false},"author":154,"featured_media":502747,"comment_status":"closed","ping_status":"closed","sticky":false,"template":"","format":"standard","meta":[],"categories":[5,2198,3847],"tags":[1560,1818,1624,10992,5829,409,2127],"_links":{"self":[{"href":"http:\/\/desarrollo.grupomedios.com\/futbol\/wp-json\/wp\/v2\/posts\/507474"}],"collection":[{"href":"http:\/\/desarrollo.grupomedios.com\/futbol\/wp-json\/wp\/v2\/posts"}],"about":[{"href":"http:\/\/desarrollo.grupomedios.com\/futbol\/wp-json\/wp\/v2\/types\/post"}],"author":[{"embeddable":true,"href":"http:\/\/desarrollo.grupomedios.com\/futbol\/wp-json\/wp\/v2\/users\/154"}],"replies":[{"embeddable":true,"href":"http:\/\/desarrollo.grupomedios.com\/futbol\/wp-json\/wp\/v2\/comments?post=507474"}],"version-history":[{"count":2,"href":"http:\/\/desarrollo.grupomedios.com\/futbol\/wp-json\/wp\/v2\/posts\/507474\/revisions"}],"predecessor-version":[{"id":507481,"href":"http:\/\/desarrollo.grupomedios.com\/futbol\/wp-json\/wp\/v2\/posts\/507474\/revisions\/507481"}],"wp:featuredmedia":[{"embeddable":true,"href":"http:\/\/desarrollo.grupomedios.com\/futbol\/wp-json\/wp\/v2\/media\/502747"}],"wp:attachment":[{"href":"http:\/\/desarrollo.grupomedios.com\/futbol\/wp-json\/wp\/v2\/media?parent=507474"}],"wp:term":[{"taxonomy":"category","embeddable":true,"href":"http:\/\/desarrollo.grupomedios.com\/futbol\/wp-json\/wp\/v2\/categories?post=507474"},{"taxonomy":"post_tag","embeddable":true,"href":"http:\/\/desarrollo.grupomedios.com\/futbol\/wp-json\/wp\/v2\/tags?post=507474"}],"curies":[{"name":"wp","href":"https:\/\/api.w.org\/{rel}","templated":true}]}}