{"id":507501,"date":"2017-10-31T16:42:57","date_gmt":"2017-10-31T22:42:57","guid":{"rendered":"https:\/\/www.futboltotal.com.mx\/?p=507501"},"modified":"2017-10-31T16:43:51","modified_gmt":"2017-10-31T22:43:51","slug":"celtic-1-bayern-munich-2-champions-league-resumen","status":"publish","type":"post","link":"http:\/\/desarrollo.grupomedios.com\/futbol\/futbol-internacional\/celtic-1-bayern-munich-2-champions-league-resumen\/2017\/10","title":{"rendered":"Bayern se mete a octavos de Champions con sufrimiento en Escocia"},"content":{"rendered":"<p><strong>POR: EFE<\/strong><\/p>\n<p><span id=\"ctl14_lblMostra\">Un gol de cabeza de <strong>Javi Mart\u00ednez<\/strong>, en el minuto 78, dio al <strong>Bayern<\/strong> una victoria a domicilio ante el <strong>Celtic<\/strong> (1-2) y el pase a los octavos de final de la <strong>Liga de Campeones<\/strong>.<\/span><\/p>\n<p>El Bayern sufri\u00f3, pero al final prolong\u00f3 su buena racha desde el regreso de <strong>Jupp Heynckes<\/strong> al banquillo y cuenta sus partidos por victorias.<\/p>\n<p>Heynckes hizo cinco cambios con respecto al equipo que le hab\u00eda ganado al RB Leipzig el s\u00e1bado. Robert Lewandowski se qued\u00f3 en M\u00fanich por problemas musculares, mientras que Joshua Kimmich, Mats Hummels, Sebastian Rudy y Thiago Alc\u00e1ntara empezaron el partido en el banquillo.<\/p>\n<p>Los nuevos en la formaci\u00f3n inicial fueron Rafinha, Niklas S\u00fcle, Corentin Tolisso, Kingsley Coman y Arturo Vidal.<\/p>\n<p style=\"text-align: center;\"><span id=\"ctl14_lblMostra\"><span style=\"color: #333399;\"><a href=\"https:\/\/www.futboltotal.com.mx\/futbol-internacional\/psg-califica-a-octavos-neymar-eclipsado-kurzawa\/2017\/10\">VER M\u00c1S: <span class=\"item-title\">PSG califica a octavos y Neymar es eclipsado por Kurzawa<\/span><\/a><\/span><\/span><\/p>\n<p style=\"text-align: left;\"><span id=\"ctl14_lblMostra\">El reto principal de Heynckes era cubrir la ausencia de Lewandowski sin tener un delantero centro nato.<\/span><\/p>\n<p>James aparec\u00eda como 9 cuando el Bayern hac\u00eda la presi\u00f3n adelantada para tapar la salida del Celtic. Cuando el Bayern ten\u00eda la posesi\u00f3n de la pelota, el colombiano retrasaba su posici\u00f3n y serv\u00eda de enganche y en el \u00e1rea aparec\u00edan alternativamente, desde m\u00e1s atr\u00e1s, Vidal y Tolisso.<\/p>\n<p>El Bayern se enfrent\u00f3 a dos problemas. Por un lado ten\u00eda dificultades para romper el planteamiento defensivo del Celtic y por otro, en las p\u00e9rdidas de pelota, no cerraba suficientemente los espacios, con lo que en los primeros minutos permiti\u00f3 tres contragolpes al Celtic, el m\u00e1s peligroso en el minuto 5, cuando Armonstron no alcanz\u00f3 a controlar un centro de Forrest desde la derecha.<\/p>\n<p>El primer gol del Bayern se produjo en el minuto 22 y la jugada se origin\u00f3 en un despeje largo del meta Sven Ullreich que aprovech\u00f3 Dembel\u00e9 para dejar atr\u00e1s al central Boyata, regatear al meta Craig Gordon, que sali\u00f3 precipitadamente del \u00e1rea, y luego definir entre las piernas de tres defensores del Celtic.<\/p>\n<p style=\"text-align: center;\"><span id=\"ctl14_lblMostra\"><span style=\"color: #333399;\"><a href=\"https:\/\/www.futboltotal.com.mx\/futbol-internacional\/roma-3-0-chelsea-champions-league-2017-resumen\/2017\/10\">VER M\u00c1S: <span class=\"item-title\">Roma baila al Chelsea y aprieta el grupo de Champions<\/span><\/a><\/span><\/span><\/p>\n<p style=\"text-align: left;\"><span id=\"ctl14_lblMostra\">En la parte final del primer tiempo, el Bayern se repleg\u00f3 demasiado y se dej\u00f3 arrinconar en el \u00e1rea por el Celtic, que en el minuto 30 tuvo una buena ocasi\u00f3n de gol cuando David Alaba salv\u00f3 en \u00faltima instancia al cortar un centro que Mousa Dembel\u00e9 iba a rematar a puerta vac\u00eda.<\/span><\/p>\n<p>Los minutos finales del primer tiempo dejaron claro que el Bayern estaba jugando con juego y eso se reafirm\u00f3 en el comienzo del primer tiempo cuando, en el minuto 48, el meta Sven Ullreich tuvo que desviar a saque de esquina un disparo de Armstrong desde la media luna<\/p>\n<p>Aunque hubo una fase en la que el Bayern trat\u00f3 de dormir el partido a base de posesi\u00f3n de bal\u00f3n y en el minuto 68 fabric\u00f3 una buena ocasi\u00f3n que termin\u00f3 en un remate de James que Gordon par\u00f3 con el pie, cada vez que el Celtic apretaba creaba problemas al equipo alem\u00e1n.<\/p>\n<p>En el minuto 74 lleg\u00f3 el empate, con un remate de McGregor dentro del \u00e1rea, pero el Bayern reaccion\u00f3 casi de inmediato y firm\u00f3 el 1-2 cuatro minutos despu\u00e9s con un remate de cabeza de Javi Mart\u00ednez a centro de David Alaba desde la izquierda.<\/p>\n<p><iframe loading=\"lazy\" src=\"https:\/\/www.youtube.com\/embed\/LFMTuWsKuD0\" frameborder=\"0\" allowfullscreen=\"allowfullscreen\"><\/iframe><\/p>\n","protected":false},"excerpt":{"rendered":"<p>El club b\u00e1varo ya asegur\u00f3 su pase a la siguiente ronda<\/p>\n","protected":false},"author":160,"featured_media":507504,"comment_status":"closed","ping_status":"closed","sticky":false,"template":"","format":"standard","meta":[],"categories":[3841,3839],"tags":[2056,2024,36,6008],"_links":{"self":[{"href":"http:\/\/desarrollo.grupomedios.com\/futbol\/wp-json\/wp\/v2\/posts\/507501"}],"collection":[{"href":"http:\/\/desarrollo.grupomedios.com\/futbol\/wp-json\/wp\/v2\/posts"}],"about":[{"href":"http:\/\/desarrollo.grupomedios.com\/futbol\/wp-json\/wp\/v2\/types\/post"}],"author":[{"embeddable":true,"href":"http:\/\/desarrollo.grupomedios.com\/futbol\/wp-json\/wp\/v2\/users\/160"}],"replies":[{"embeddable":true,"href":"http:\/\/desarrollo.grupomedios.com\/futbol\/wp-json\/wp\/v2\/comments?post=507501"}],"version-history":[{"count":2,"href":"http:\/\/desarrollo.grupomedios.com\/futbol\/wp-json\/wp\/v2\/posts\/507501\/revisions"}],"predecessor-version":[{"id":507506,"href":"http:\/\/desarrollo.grupomedios.com\/futbol\/wp-json\/wp\/v2\/posts\/507501\/revisions\/507506"}],"wp:featuredmedia":[{"embeddable":true,"href":"http:\/\/desarrollo.grupomedios.com\/futbol\/wp-json\/wp\/v2\/media\/507504"}],"wp:attachment":[{"href":"http:\/\/desarrollo.grupomedios.com\/futbol\/wp-json\/wp\/v2\/media?parent=507501"}],"wp:term":[{"taxonomy":"category","embeddable":true,"href":"http:\/\/desarrollo.grupomedios.com\/futbol\/wp-json\/wp\/v2\/categories?post=507501"},{"taxonomy":"post_tag","embeddable":true,"href":"http:\/\/desarrollo.grupomedios.com\/futbol\/wp-json\/wp\/v2\/tags?post=507501"}],"curies":[{"name":"wp","href":"https:\/\/api.w.org\/{rel}","templated":true}]}}