{"id":507507,"date":"2017-10-31T12:04:39","date_gmt":"2017-10-31T18:04:39","guid":{"rendered":"https:\/\/www.futboltotal.com.mx\/?p=507507"},"modified":"2017-10-31T21:26:22","modified_gmt":"2017-11-01T03:26:22","slug":"chivas-vs-atlante-copa-mx-2017-en-vivo-minuto-a-minuto","status":"publish","type":"post","link":"http:\/\/desarrollo.grupomedios.com\/futbol\/futbol-mexicano\/chivas-vs-atlante-copa-mx-2017-en-vivo-minuto-a-minuto\/2017\/10","title":{"rendered":"Chivas vs Atlante | Copa MX 2017 | EN VIVO: Minuto a minuto"},"content":{"rendered":"<p>Las Chivas Rayadas del Guadalajara reciben la visita de los Potros de Hierro del Atlante en el primer duelo de cuartos de final de la Copa MX 2017.<\/p>\n<iframe src=\"https:\/\/en-vivo.futboltotal.com.mx\/embed.php\/?id=392\" width=\"100%\" id=\"frame_minuto\"><\/iframe>\n<p>Los rojiblancos han enderezado un poco el camino, y podr\u00edan aprovechar ese peque\u00f1o momento para ir por el torneo en el que todav\u00eda est\u00e1n vivos, la Copa.<\/p>\n<p>Sin embargo, no ser\u00e1 nada sencillo, ya que el Atlante sorprendi\u00f3 al eliminar al Toluca, quien hab\u00eda sido el mejor equipo en toda la fase de grupos.<\/p>\n","protected":false},"excerpt":{"rendered":"<p>El Reba\u00f1o recibe la visita de los Potros de Hierro del Atlante<\/p>\n","protected":false},"author":160,"featured_media":507508,"comment_status":"closed","ping_status":"closed","sticky":false,"template":"","format":"standard","meta":[],"categories":[4247,2198,3845],"tags":[8357,5960,70,285],"_links":{"self":[{"href":"http:\/\/desarrollo.grupomedios.com\/futbol\/wp-json\/wp\/v2\/posts\/507507"}],"collection":[{"href":"http:\/\/desarrollo.grupomedios.com\/futbol\/wp-json\/wp\/v2\/posts"}],"about":[{"href":"http:\/\/desarrollo.grupomedios.com\/futbol\/wp-json\/wp\/v2\/types\/post"}],"author":[{"embeddable":true,"href":"http:\/\/desarrollo.grupomedios.com\/futbol\/wp-json\/wp\/v2\/users\/160"}],"replies":[{"embeddable":true,"href":"http:\/\/desarrollo.grupomedios.com\/futbol\/wp-json\/wp\/v2\/comments?post=507507"}],"version-history":[{"count":1,"href":"http:\/\/desarrollo.grupomedios.com\/futbol\/wp-json\/wp\/v2\/posts\/507507\/revisions"}],"predecessor-version":[{"id":507511,"href":"http:\/\/desarrollo.grupomedios.com\/futbol\/wp-json\/wp\/v2\/posts\/507507\/revisions\/507511"}],"wp:featuredmedia":[{"embeddable":true,"href":"http:\/\/desarrollo.grupomedios.com\/futbol\/wp-json\/wp\/v2\/media\/507508"}],"wp:attachment":[{"href":"http:\/\/desarrollo.grupomedios.com\/futbol\/wp-json\/wp\/v2\/media?parent=507507"}],"wp:term":[{"taxonomy":"category","embeddable":true,"href":"http:\/\/desarrollo.grupomedios.com\/futbol\/wp-json\/wp\/v2\/categories?post=507507"},{"taxonomy":"post_tag","embeddable":true,"href":"http:\/\/desarrollo.grupomedios.com\/futbol\/wp-json\/wp\/v2\/tags?post=507507"}],"curies":[{"name":"wp","href":"https:\/\/api.w.org\/{rel}","templated":true}]}}