{"id":507512,"date":"2017-10-31T17:15:02","date_gmt":"2017-10-31T23:15:02","guid":{"rendered":"https:\/\/www.futboltotal.com.mx\/?p=507512"},"modified":"2017-10-31T17:15:02","modified_gmt":"2017-10-31T23:15:02","slug":"barcelona-puede-perder-uno-de-sus-jugadores-un-mes","status":"publish","type":"post","link":"http:\/\/desarrollo.grupomedios.com\/futbol\/futbol-internacional\/barcelona-puede-perder-uno-de-sus-jugadores-un-mes\/2017\/10","title":{"rendered":"Barcelona puede perder a uno de sus jugadores por un mes"},"content":{"rendered":"<p><strong>POR: EFE\/STAFF FT<\/strong><\/p>\n<p>El centrocampista del <strong>Barcelona<\/strong>, <strong>Sergi Roberto<\/strong>, sali\u00f3 lesionado del <a href=\"https:\/\/www.futboltotal.com.mx\/futbol-internacional\/champions-league\/olympiacos-0-barcelona-0-champions-league-2017-resumen\/2017\/10\" target=\"_blank\" rel=\"noopener\"><span style=\"color: #333399;\">partido de la <strong>Champions League<\/strong> contra el <strong>Olympiakos<\/strong><\/span><\/a> en Atenas y sufre una rotura fibrilar en el b\u00edceps femoral de la pierna derecha, ha informado el club.<\/p>\n<p>El Barcelona agrega que este mi\u00e9rcoles el jugador se someter\u00e1 a m\u00e1s pruebas, aunque se espera que s\u00f3lo refrenden el diagn\u00f3stico actual.<\/p>\n<p style=\"text-align: center;\"><a href=\"https:\/\/www.futboltotal.com.mx\/futbol-internacional\/liga-de-francia-futbol-internacional\/psg-le-quiere-repetir-la-dosis-al-barcelona-va-coutinho\/2017\/10\" target=\"_blank\" rel=\"noopener\"><span style=\"color: #333399;\">VER M\u00c1S: PSG le quiere repetir la dosis al Barcelona; va por Coutinho<\/span><\/a><\/p>\n<p>La jugada en la que el futbolista se lesion\u00f3 sucedi\u00f3 al minuto 43 del primer tiempo, cuando fren\u00f3 a\u00a0<b>Odjidja<\/b>, jugador del Olympiakos, quien parec\u00eda perfilarse hacia el arco del Barcelona.<\/p>\n<p>Sergi fue amonestado por esa acci\u00f3n, pero apenas el \u00e1rbitro sancion\u00f3 la jugada el futbolista se tir\u00f3 al c\u00e9sped ante el dolor en el muslo, por lo que tuvo que salir del campo y su lugar lo tom\u00f3 el atacante Gerard Deulofeu.<\/p>\n","protected":false},"excerpt":{"rendered":"<p>El empate ante Olympiakos fue m\u00e1s costoso de lo pensado para los Cul\u00e9s.<\/p>\n","protected":false},"author":154,"featured_media":507518,"comment_status":"closed","ping_status":"closed","sticky":false,"template":"","format":"standard","meta":[],"categories":[3841,3839,3844],"tags":[5984,36,1245,10995,5696,10996,6339],"_links":{"self":[{"href":"http:\/\/desarrollo.grupomedios.com\/futbol\/wp-json\/wp\/v2\/posts\/507512"}],"collection":[{"href":"http:\/\/desarrollo.grupomedios.com\/futbol\/wp-json\/wp\/v2\/posts"}],"about":[{"href":"http:\/\/desarrollo.grupomedios.com\/futbol\/wp-json\/wp\/v2\/types\/post"}],"author":[{"embeddable":true,"href":"http:\/\/desarrollo.grupomedios.com\/futbol\/wp-json\/wp\/v2\/users\/154"}],"replies":[{"embeddable":true,"href":"http:\/\/desarrollo.grupomedios.com\/futbol\/wp-json\/wp\/v2\/comments?post=507512"}],"version-history":[{"count":2,"href":"http:\/\/desarrollo.grupomedios.com\/futbol\/wp-json\/wp\/v2\/posts\/507512\/revisions"}],"predecessor-version":[{"id":507520,"href":"http:\/\/desarrollo.grupomedios.com\/futbol\/wp-json\/wp\/v2\/posts\/507512\/revisions\/507520"}],"wp:featuredmedia":[{"embeddable":true,"href":"http:\/\/desarrollo.grupomedios.com\/futbol\/wp-json\/wp\/v2\/media\/507518"}],"wp:attachment":[{"href":"http:\/\/desarrollo.grupomedios.com\/futbol\/wp-json\/wp\/v2\/media?parent=507512"}],"wp:term":[{"taxonomy":"category","embeddable":true,"href":"http:\/\/desarrollo.grupomedios.com\/futbol\/wp-json\/wp\/v2\/categories?post=507512"},{"taxonomy":"post_tag","embeddable":true,"href":"http:\/\/desarrollo.grupomedios.com\/futbol\/wp-json\/wp\/v2\/tags?post=507512"}],"curies":[{"name":"wp","href":"https:\/\/api.w.org\/{rel}","templated":true}]}}