{"id":507523,"date":"2017-10-31T18:58:11","date_gmt":"2017-11-01T00:58:11","guid":{"rendered":"https:\/\/www.futboltotal.com.mx\/?p=507523"},"modified":"2017-10-31T18:58:11","modified_gmt":"2017-11-01T00:58:11","slug":"tottenham-hotspur-vs-real-madrid-champions-league-2017-previo","status":"publish","type":"post","link":"http:\/\/desarrollo.grupomedios.com\/futbol\/futbol-internacional\/tottenham-hotspur-vs-real-madrid-champions-league-2017-previo\/2017\/10","title":{"rendered":"Tottenham vs Real Madrid, los Merengues urgidos de triunfo"},"content":{"rendered":"<p><strong>Tottenham Hotspur<\/strong> recibe al <strong>Real Madrid<\/strong> en el Estadio de Wembley en punto de las 13:45 horas en un encuentro de <strong>Champions League<\/strong>, donde buscar\u00e1n la cima del Grupo H. Los Merengues viven momentos complicados y los Spurs est\u00e1n en un buen momento a pesar que vienen de una derrota dolorosa. Ambos equipos deber\u00e1n\u00a0 buscar encontrar su mejor versi\u00f3n.<\/p>\n<p>El Tottenham Hotspur viene de dos derrotas, primero en la <strong>EFL Cup<\/strong> ante el <strong>West Ham United<\/strong>, con lo que qued\u00f3 eliminado y la segunda en la <strong>Premier League<\/strong> ante el <strong>Manchester United<\/strong>, a pesar de ello se mantiene en el tercer lugar de la tabla general y est\u00e1 peleando por los primeros puestos, adem\u00e1s en el siguiente encuentro se enfrentar\u00e1n al <strong>Crystal Palace<\/strong>, quien es el sotanero.<\/p>\n<blockquote class=\"twitter-tweet\" data-lang=\"es\">\n<p dir=\"ltr\" lang=\"es\">Se\u00f1oras y se\u00f1ores, ma\u00f1ana hay un PARTIDAZO en Wembley. &#x1f64c;&#x1f499;<\/p>\n<p>\u00bfDesde d\u00f3nde nos apoyar\u00e1n ante <a href=\"https:\/\/twitter.com\/realmadrid?ref_src=twsrc%5Etfw\">@realmadrid<\/a> en <a href=\"https:\/\/twitter.com\/LigadeCampeones?ref_src=twsrc%5Etfw\">@LigadeCampeones<\/a>? &#x1f30e; <a href=\"https:\/\/twitter.com\/hashtag\/SpursEnEspa%C3%B1ol?src=hash&amp;ref_src=twsrc%5Etfw\">#SpursEnEspa\u00f1ol<\/a> <a href=\"https:\/\/t.co\/fJ7qpPYQ3K\">pic.twitter.com\/fJ7qpPYQ3K<\/a><\/p>\n<p>\u2014 Tottenham Hotspur (@Spurs_ES) <a href=\"https:\/\/twitter.com\/Spurs_ES\/status\/925506445059280896?ref_src=twsrc%5Etfw\">31 de octubre de 2017<\/a><\/p><\/blockquote>\n<p><script async src=\"https:\/\/platform.twitter.com\/widgets.js\" charset=\"utf-8\"><\/script><\/p>\n<p style=\"text-align: center;\"><a href=\"https:\/\/www.futboltotal.com.mx\/futbol-mexicano\/liga-mx\/veracruz-busca-bombazo-fichara-a-paolo-guerrero\/2017\/10\" target=\"_blank\" rel=\"noopener\">VER M\u00c1S: Veracruz busca fichar al peruano Paolo Guerrero<\/a><\/p>\n<p>Por su parte, el Real Madrid viene de una victoria y una derrota, vencieron al <strong>Fuenlabrada<\/strong> en la <strong>Copa del Rey<\/strong> en el encuentro de ida, pero una dolorosa derrota ante el<strong> Girona en LaLiga<\/strong> que lo tiene como tercer lugar en la tabla general alej\u00e1ndose ocho puntos del puntero que es el <strong>Barcelona<\/strong> y a cuatro de distancia de la segunda posici\u00f3n con el<strong> Valencia<\/strong>. El fin de semana se ver\u00e1 las caras ante <strong>Las Palmas.<\/strong><\/p>\n<blockquote class=\"twitter-tweet\" data-lang=\"es\">\n<p dir=\"ltr\" lang=\"es\">&#x1f3df;&#x1f1ec;&#x1f1e7; <a href=\"https:\/\/twitter.com\/hashtag\/RMUCL?src=hash&amp;ref_src=twsrc%5Etfw\">#RMUCL<\/a> \u00a1Completada la sesi\u00f3n en Wembley! Estamos listos para el partido contra <a href=\"https:\/\/twitter.com\/Spurs_ES?ref_src=twsrc%5Etfw\">@Spurs_ES<\/a> \u2705 <a href=\"https:\/\/t.co\/WnOAqSmWMl\">pic.twitter.com\/WnOAqSmWMl<\/a><\/p>\n<p>\u2014 Real Madrid C.F. (@realmadrid) <a href=\"https:\/\/twitter.com\/realmadrid\/status\/925470159132921856?ref_src=twsrc%5Etfw\">31 de octubre de 2017<\/a><\/p><\/blockquote>\n<p><script async src=\"https:\/\/platform.twitter.com\/widgets.js\" charset=\"utf-8\"><\/script><\/p>\n<p>Estos dos equipos ya se encontraron la\u00a0Champions League la jornada pasada en el Santiago Bernab\u00e9u con un empate a un gol gracias a un penal anotado por <strong>Cristiano Ronaldo<\/strong> y un autogol hecho por <strong>Raphael Varane<\/strong>, pero producido por <strong>Harry Kane<\/strong>, quien todo parece indicar que podr\u00e1 ser parte del juego, a diferencia de <strong>Gareth Bale<\/strong> que no ha logrado recuperarse de su lesi\u00f3n.<\/p>\n<p style=\"text-align: center;\"><a href=\"https:\/\/www.futboltotal.com.mx\/futbol-internacional\/champions-league\/la-terrible-falla-raul-jimenez-en-la-champions\/2017\/10\" target=\"_blank\" rel=\"noopener\">VER M\u00c1S: La terrible falla de Ra\u00fal Jim\u00e9nez ante los Red Devils<\/a><\/p>\n","protected":false},"excerpt":{"rendered":"<p>Los merengues vienen de una mala racha en Espa\u00f1a<\/p>\n","protected":false},"author":159,"featured_media":507530,"comment_status":"closed","ping_status":"closed","sticky":false,"template":"","format":"standard","meta":[],"categories":[3841,3839],"tags":[36,6013,5925,5988,7017],"_links":{"self":[{"href":"http:\/\/desarrollo.grupomedios.com\/futbol\/wp-json\/wp\/v2\/posts\/507523"}],"collection":[{"href":"http:\/\/desarrollo.grupomedios.com\/futbol\/wp-json\/wp\/v2\/posts"}],"about":[{"href":"http:\/\/desarrollo.grupomedios.com\/futbol\/wp-json\/wp\/v2\/types\/post"}],"author":[{"embeddable":true,"href":"http:\/\/desarrollo.grupomedios.com\/futbol\/wp-json\/wp\/v2\/users\/159"}],"replies":[{"embeddable":true,"href":"http:\/\/desarrollo.grupomedios.com\/futbol\/wp-json\/wp\/v2\/comments?post=507523"}],"version-history":[{"count":1,"href":"http:\/\/desarrollo.grupomedios.com\/futbol\/wp-json\/wp\/v2\/posts\/507523\/revisions"}],"predecessor-version":[{"id":507531,"href":"http:\/\/desarrollo.grupomedios.com\/futbol\/wp-json\/wp\/v2\/posts\/507523\/revisions\/507531"}],"wp:featuredmedia":[{"embeddable":true,"href":"http:\/\/desarrollo.grupomedios.com\/futbol\/wp-json\/wp\/v2\/media\/507530"}],"wp:attachment":[{"href":"http:\/\/desarrollo.grupomedios.com\/futbol\/wp-json\/wp\/v2\/media?parent=507523"}],"wp:term":[{"taxonomy":"category","embeddable":true,"href":"http:\/\/desarrollo.grupomedios.com\/futbol\/wp-json\/wp\/v2\/categories?post=507523"},{"taxonomy":"post_tag","embeddable":true,"href":"http:\/\/desarrollo.grupomedios.com\/futbol\/wp-json\/wp\/v2\/tags?post=507523"}],"curies":[{"name":"wp","href":"https:\/\/api.w.org\/{rel}","templated":true}]}}