{"id":507527,"date":"2017-10-31T18:27:37","date_gmt":"2017-11-01T00:27:37","guid":{"rendered":"https:\/\/www.futboltotal.com.mx\/?p=507527"},"modified":"2017-10-31T18:27:37","modified_gmt":"2017-11-01T00:27:37","slug":"la-terrible-falla-raul-jimenez-en-la-champions","status":"publish","type":"post","link":"http:\/\/desarrollo.grupomedios.com\/futbol\/videos\/la-terrible-falla-raul-jimenez-en-la-champions\/2017\/10","title":{"rendered":"La terrible falla de Ra\u00fal Jim\u00e9nez en la Champions"},"content":{"rendered":"<p><strong>Ra\u00fal Jim\u00e9nez<\/strong> tuvo la oportunidad de ser titular con el <strong>Benfica<\/strong> cuando enfrento este martes al Manchester United, en duelo de la <strong>Champions League<\/strong>.<\/p>\n<p>El delantero mexicano no ha visto mucha acci\u00f3n como titular, <strong>ha sido m\u00e1s utilizado como suplente<\/strong> en la Liga de Portugal y la Liga de Campeones.<\/p>\n<p>Jim\u00e9nez trat\u00f3 de aprovechar esta situaci\u00f3n de ser tomado en cuenta desde el <strong>silbatazo inicial<\/strong>, y durante el encuentro tuvo una oportunidad inigualable para anotar.<\/p>\n<p><strong>\u00bfQuieres saber qu\u00e9 fue lo que pas\u00f3?<\/strong><\/p>\n<blockquote class=\"twitter-video\" data-lang=\"es\">\n<p dir=\"ltr\" lang=\"es\">\u00a1LO QUE DEJASTE IR RA\u00daL JIM\u00c9NEZ!<a href=\"https:\/\/twitter.com\/hashtag\/ChampionsxFOX?src=hash&amp;ref_src=twsrc%5Etfw\">#ChampionsxFOX<\/a> Miren lo que fall\u00f3 el mexicano ante Manchester United <a href=\"https:\/\/t.co\/biAChWQ5Nc\">pic.twitter.com\/biAChWQ5Nc<\/a><\/p>\n<p>\u2014 FOX Sports MX (@FOXSportsMX) <a href=\"https:\/\/twitter.com\/FOXSportsMX\/status\/925469942756999168?ref_src=twsrc%5Etfw\">31 de octubre de 2017<\/a><\/p><\/blockquote>\n<p><script async src=\"https:\/\/platform.twitter.com\/widgets.js\" charset=\"utf-8\"><\/script><\/p>\n","protected":false},"excerpt":{"rendered":"<p>El delantero mexicano la tuvo frente al arco rival<\/p>\n","protected":false},"author":160,"featured_media":507528,"comment_status":"closed","ping_status":"closed","sticky":false,"template":"","format":"standard","meta":[],"categories":[3841,3839,4],"tags":[6060,36,43,742],"_links":{"self":[{"href":"http:\/\/desarrollo.grupomedios.com\/futbol\/wp-json\/wp\/v2\/posts\/507527"}],"collection":[{"href":"http:\/\/desarrollo.grupomedios.com\/futbol\/wp-json\/wp\/v2\/posts"}],"about":[{"href":"http:\/\/desarrollo.grupomedios.com\/futbol\/wp-json\/wp\/v2\/types\/post"}],"author":[{"embeddable":true,"href":"http:\/\/desarrollo.grupomedios.com\/futbol\/wp-json\/wp\/v2\/users\/160"}],"replies":[{"embeddable":true,"href":"http:\/\/desarrollo.grupomedios.com\/futbol\/wp-json\/wp\/v2\/comments?post=507527"}],"version-history":[{"count":1,"href":"http:\/\/desarrollo.grupomedios.com\/futbol\/wp-json\/wp\/v2\/posts\/507527\/revisions"}],"predecessor-version":[{"id":507529,"href":"http:\/\/desarrollo.grupomedios.com\/futbol\/wp-json\/wp\/v2\/posts\/507527\/revisions\/507529"}],"wp:featuredmedia":[{"embeddable":true,"href":"http:\/\/desarrollo.grupomedios.com\/futbol\/wp-json\/wp\/v2\/media\/507528"}],"wp:attachment":[{"href":"http:\/\/desarrollo.grupomedios.com\/futbol\/wp-json\/wp\/v2\/media?parent=507527"}],"wp:term":[{"taxonomy":"category","embeddable":true,"href":"http:\/\/desarrollo.grupomedios.com\/futbol\/wp-json\/wp\/v2\/categories?post=507527"},{"taxonomy":"post_tag","embeddable":true,"href":"http:\/\/desarrollo.grupomedios.com\/futbol\/wp-json\/wp\/v2\/tags?post=507527"}],"curies":[{"name":"wp","href":"https:\/\/api.w.org\/{rel}","templated":true}]}}