{"id":507533,"date":"2017-10-31T20:02:39","date_gmt":"2017-11-01T02:02:39","guid":{"rendered":"https:\/\/www.futboltotal.com.mx\/?p=507533"},"modified":"2017-10-31T20:02:39","modified_gmt":"2017-11-01T02:02:39","slug":"chivas-tv-se-cae-previo-al-juego-cuartos-final-contra-atlante","status":"publish","type":"post","link":"http:\/\/desarrollo.grupomedios.com\/futbol\/destacado-home\/chivas-tv-se-cae-previo-al-juego-cuartos-final-contra-atlante\/2017\/10","title":{"rendered":"Chivas TV se cae en juego de cuartos de final contra Atlante"},"content":{"rendered":"<p><strong>Chivas TV<\/strong> ha hecho de las suyas otra vez y se cay\u00f3 previo al inicio de cuartos de final de la Copa MX entre el Reba\u00f1o Sagrado y los <em>Potros de Hierro<\/em> del <strong>Atlante<\/strong>.<\/p>\n<p>Usuarios de la se\u00f1al televisiva se quejaron de que no se pod\u00eda ver la transmisi\u00f3n, en redes sociales comentaron que los links para poder ver el partido mandaban a otro lugar.<\/p>\n<p><img decoding=\"async\" loading=\"lazy\" class=\"alignnone size-full wp-image-507537\" src=\"https:\/\/www.futboltotal.com.mx\/wp-content\/uploads\/2017\/10\/Captura-de-pantalla-2017-10-31-a-las-19.55.10.png\" alt=\"Chivas TV se cae en juego de cuartos de final contra Atlante 0\" srcset=\"http:\/\/desarrollo.grupomedios.com\/futbol\/wp-content\/uploads\/2017\/10\/Captura-de-pantalla-2017-10-31-a-las-19.55.10.png 639w, http:\/\/desarrollo.grupomedios.com\/futbol\/wp-content\/uploads\/2017\/10\/Captura-de-pantalla-2017-10-31-a-las-19.55.10-300x288.png 300w\" sizes=\"(max-width: 639px) 100vw, 639px\" \/><\/p>\n<p>De hecho, lo \u00faltimo que se observaba eran las alineaciones de ambas escuadras para el partido de este martes por la noche.<\/p>\n<p>Y al final, <strong>Chivas TV<\/strong> pidi\u00f3 a sus usuarios que lo vieran mediante la APP que tiene la aplicaci\u00f3n.<\/p>\n<blockquote class=\"twitter-tweet\" data-lang=\"es\">\n<p dir=\"ltr\" lang=\"es\">En estos momentos nuestra p\u00e1gina web presenta problemas t\u00e9cnicos. Usa la APP mientras los solucionamos. Desc\u00e1rgala &#x1f449; <a href=\"https:\/\/t.co\/ilZ9YMDvCo\">https:\/\/t.co\/ilZ9YMDvCo<\/a><\/p>\n<p>\u2014 ChivasTV (@chivastvmx) <a href=\"https:\/\/twitter.com\/chivastvmx\/status\/925525239425044481?ref_src=twsrc%5Etfw\">1 de noviembre de 2017<\/a><\/p><\/blockquote>\n<p><script async src=\"https:\/\/platform.twitter.com\/widgets.js\" charset=\"utf-8\"><\/script><\/p>\n","protected":false},"excerpt":{"rendered":"<p>La se\u00f1al de televisi\u00f3n no se vio y hubo quejas de los usuarios<\/p>\n","protected":false},"author":160,"featured_media":507538,"comment_status":"closed","ping_status":"closed","sticky":false,"template":"","format":"standard","meta":[],"categories":[5,2198,3845],"tags":[5960,70,7110,285],"_links":{"self":[{"href":"http:\/\/desarrollo.grupomedios.com\/futbol\/wp-json\/wp\/v2\/posts\/507533"}],"collection":[{"href":"http:\/\/desarrollo.grupomedios.com\/futbol\/wp-json\/wp\/v2\/posts"}],"about":[{"href":"http:\/\/desarrollo.grupomedios.com\/futbol\/wp-json\/wp\/v2\/types\/post"}],"author":[{"embeddable":true,"href":"http:\/\/desarrollo.grupomedios.com\/futbol\/wp-json\/wp\/v2\/users\/160"}],"replies":[{"embeddable":true,"href":"http:\/\/desarrollo.grupomedios.com\/futbol\/wp-json\/wp\/v2\/comments?post=507533"}],"version-history":[{"count":1,"href":"http:\/\/desarrollo.grupomedios.com\/futbol\/wp-json\/wp\/v2\/posts\/507533\/revisions"}],"predecessor-version":[{"id":507540,"href":"http:\/\/desarrollo.grupomedios.com\/futbol\/wp-json\/wp\/v2\/posts\/507533\/revisions\/507540"}],"wp:featuredmedia":[{"embeddable":true,"href":"http:\/\/desarrollo.grupomedios.com\/futbol\/wp-json\/wp\/v2\/media\/507538"}],"wp:attachment":[{"href":"http:\/\/desarrollo.grupomedios.com\/futbol\/wp-json\/wp\/v2\/media?parent=507533"}],"wp:term":[{"taxonomy":"category","embeddable":true,"href":"http:\/\/desarrollo.grupomedios.com\/futbol\/wp-json\/wp\/v2\/categories?post=507533"},{"taxonomy":"post_tag","embeddable":true,"href":"http:\/\/desarrollo.grupomedios.com\/futbol\/wp-json\/wp\/v2\/tags?post=507533"}],"curies":[{"name":"wp","href":"https:\/\/api.w.org\/{rel}","templated":true}]}}