{"id":507545,"date":"2017-10-31T21:48:42","date_gmt":"2017-11-01T03:48:42","guid":{"rendered":"https:\/\/www.futboltotal.com.mx\/?p=507545"},"modified":"2017-10-31T21:48:42","modified_gmt":"2017-11-01T03:48:42","slug":"chivas-ni-liga-ni-copa-la-burla-en-los-memes","status":"publish","type":"post","link":"http:\/\/desarrollo.grupomedios.com\/futbol\/futbol-mexicano\/chivas-ni-liga-ni-copa-la-burla-en-los-memes\/2017\/10","title":{"rendered":"Chivas, ni Liga ni Copa, la burla en los memes"},"content":{"rendered":"<p>Las Chivas Rayadas del Guadalajara dieron la sorpresa al quedar eliminadas a manos de los Potros de Hierro del Atlante en los cuartos de final de la Copa MX.<\/p>\n<p>Han tenido un semestre desastroso el Reba\u00f1o en este Apertura 2017, y la consumaci\u00f3n de la agon\u00eda rojiblanca se dio esta noche al quedar fuera de la Copa a manos del equipo peor rankeado en la fase eliminatoria.<\/p>\n<p>Esta situaci\u00f3n creo mucha felicidad en todos los anti-chivas y as\u00ed fue como reaccion\u00f3 la afici\u00f3n en las redes sociales.<\/p>\n<div id=\"gallerypBC\" style=\"display:none;\"><img alt=\"\" src=\"http:\/\/desarrollo.grupomedios.com\/futbol\/wp-content\/uploads\/2017\/10\/meme-1-chivas.jpg\" data-image=\"http:\/\/desarrollo.grupomedios.com\/futbol\/wp-content\/uploads\/2017\/10\/meme-1-chivas.jpg\" data-description=\"meme-1-chivas\"><img alt=\"\" src=\"http:\/\/desarrollo.grupomedios.com\/futbol\/wp-content\/uploads\/2017\/10\/meme-2-chivas.jpg\" data-image=\"http:\/\/desarrollo.grupomedios.com\/futbol\/wp-content\/uploads\/2017\/10\/meme-2-chivas.jpg\" data-description=\"meme-2-chivas\"><img alt=\"\" src=\"http:\/\/desarrollo.grupomedios.com\/futbol\/wp-content\/uploads\/2017\/10\/meme-3-chivas.jpg\" data-image=\"http:\/\/desarrollo.grupomedios.com\/futbol\/wp-content\/uploads\/2017\/10\/meme-3-chivas.jpg\" data-description=\"meme-3-chivas\"><img alt=\"\" src=\"http:\/\/desarrollo.grupomedios.com\/futbol\/wp-content\/uploads\/2017\/10\/meme-4-chivas.jpg\" data-image=\"http:\/\/desarrollo.grupomedios.com\/futbol\/wp-content\/uploads\/2017\/10\/meme-4-chivas.jpg\" data-description=\"meme-4-chivas\"><img alt=\"\" src=\"http:\/\/desarrollo.grupomedios.com\/futbol\/wp-content\/uploads\/2017\/10\/meme-5-chivas.jpg\" data-image=\"http:\/\/desarrollo.grupomedios.com\/futbol\/wp-content\/uploads\/2017\/10\/meme-5-chivas.jpg\" data-description=\"meme-5-chivas\"><img alt=\"\" src=\"http:\/\/desarrollo.grupomedios.com\/futbol\/wp-content\/uploads\/2017\/10\/meme-8-chivas.jpg\" data-image=\"http:\/\/desarrollo.grupomedios.com\/futbol\/wp-content\/uploads\/2017\/10\/meme-8-chivas.jpg\" data-description=\"meme-8-chivas\"><img alt=\"\" src=\"http:\/\/desarrollo.grupomedios.com\/futbol\/wp-content\/uploads\/2017\/10\/meme-9-chivas.jpg\" data-image=\"http:\/\/desarrollo.grupomedios.com\/futbol\/wp-content\/uploads\/2017\/10\/meme-9-chivas.jpg\" data-description=\"meme-9-chivas\"><\/div>\n        <script>\n        \/\/galeria 1\n        jQuery(document).ready(function(){ \n            var api;\n            api = jQuery(\"#gallerypBC\").unitegallery({\n                carousel_autoplay: false\n            }); \n        });\n        <\/script>\n        \n","protected":false},"excerpt":{"rendered":"<p>Las burlas de las redes sociales hacia el Reba\u00f1o Sagrado no se hicieron esperar<\/p>\n","protected":false},"author":160,"featured_media":507553,"comment_status":"closed","ping_status":"closed","sticky":false,"template":"","format":"standard","meta":[],"categories":[7570,2198,3845],"tags":[5960,70,285,64,4949],"_links":{"self":[{"href":"http:\/\/desarrollo.grupomedios.com\/futbol\/wp-json\/wp\/v2\/posts\/507545"}],"collection":[{"href":"http:\/\/desarrollo.grupomedios.com\/futbol\/wp-json\/wp\/v2\/posts"}],"about":[{"href":"http:\/\/desarrollo.grupomedios.com\/futbol\/wp-json\/wp\/v2\/types\/post"}],"author":[{"embeddable":true,"href":"http:\/\/desarrollo.grupomedios.com\/futbol\/wp-json\/wp\/v2\/users\/160"}],"replies":[{"embeddable":true,"href":"http:\/\/desarrollo.grupomedios.com\/futbol\/wp-json\/wp\/v2\/comments?post=507545"}],"version-history":[{"count":1,"href":"http:\/\/desarrollo.grupomedios.com\/futbol\/wp-json\/wp\/v2\/posts\/507545\/revisions"}],"predecessor-version":[{"id":507554,"href":"http:\/\/desarrollo.grupomedios.com\/futbol\/wp-json\/wp\/v2\/posts\/507545\/revisions\/507554"}],"wp:featuredmedia":[{"embeddable":true,"href":"http:\/\/desarrollo.grupomedios.com\/futbol\/wp-json\/wp\/v2\/media\/507553"}],"wp:attachment":[{"href":"http:\/\/desarrollo.grupomedios.com\/futbol\/wp-json\/wp\/v2\/media?parent=507545"}],"wp:term":[{"taxonomy":"category","embeddable":true,"href":"http:\/\/desarrollo.grupomedios.com\/futbol\/wp-json\/wp\/v2\/categories?post=507545"},{"taxonomy":"post_tag","embeddable":true,"href":"http:\/\/desarrollo.grupomedios.com\/futbol\/wp-json\/wp\/v2\/tags?post=507545"}],"curies":[{"name":"wp","href":"https:\/\/api.w.org\/{rel}","templated":true}]}}