{"id":507564,"date":"2017-11-01T08:29:24","date_gmt":"2017-11-01T14:29:24","guid":{"rendered":"https:\/\/www.futboltotal.com.mx\/?p=507564"},"modified":"2017-11-01T08:29:24","modified_gmt":"2017-11-01T14:29:24","slug":"miguel-herrera-debutara-actor-en-telenovela-televisa","status":"publish","type":"post","link":"http:\/\/desarrollo.grupomedios.com\/futbol\/futbol-mexicano\/miguel-herrera-debutara-actor-en-telenovela-televisa\/2017\/11","title":{"rendered":"Miguel Herrera debutar\u00e1 como actor en telenovela de Televisa"},"content":{"rendered":"<p>A Miguel Herrera le encantan los reflectores y ahora el Piojo tendr\u00e1 m\u00e1s cuando debute como actor en Televisa, pues el entrenador del Am\u00e9rica ser\u00e1 parte de una telenovela que estrenar\u00e1 el pr\u00f3ximo 6 de noviembre y llevar\u00e1 el nombre de &#8220;Me declaro culpable&#8221;.<\/p>\n<p>El Piojo formar\u00e1 parte de algunos cap\u00edtulos de la nueva novela de la televisora de chapultepec y en el promocional se le ve en su cargo actual como t\u00e9cnico azulcrema.<\/p>\n<p style=\"text-align: center;\"><span style=\"color: #3366ff;\"><a href=\"https:\/\/www.futboltotal.com.mx\/futbol-internacional\/liga-de-francia-futbol-internacional\/dani-alves-revela-estuvo-cerca-fichar-liverpool\/2017\/11\">VER M\u00c1S: Dani Alves revela que estuvo cerca de fichar por el Liverpool<\/a><\/span><\/p>\n<p>En el promocional oficial aparece Herrera d\u00e1ndole la noticia al protagonista que se ir\u00e1 a jugar al Barcelona, luego de tener un buen accionar con las \u00c1guilas.<\/p>\n<p>Aqu\u00ed les dejamos el trailer de la &#8220;comedia&#8221;, con Miguel Herrera apareciendo en el minuto 02:45.<\/p>\n<p><iframe loading=\"lazy\" src=\"https:\/\/www.youtube.com\/embed\/F-yNndNbvvU?feature=oembed\" frameborder=\"0\" gesture=\"media\" allowfullscreen><\/iframe><\/p>\n","protected":false},"excerpt":{"rendered":"<p>El t\u00e9cnico americanista estar\u00e1 presente en algunos cap\u00edtulos.<\/p>\n","protected":false},"author":129,"featured_media":507566,"comment_status":"closed","ping_status":"closed","sticky":false,"template":"","format":"standard","meta":[],"categories":[5419,2198,3845],"tags":[5959,5460,255,4722],"_links":{"self":[{"href":"http:\/\/desarrollo.grupomedios.com\/futbol\/wp-json\/wp\/v2\/posts\/507564"}],"collection":[{"href":"http:\/\/desarrollo.grupomedios.com\/futbol\/wp-json\/wp\/v2\/posts"}],"about":[{"href":"http:\/\/desarrollo.grupomedios.com\/futbol\/wp-json\/wp\/v2\/types\/post"}],"author":[{"embeddable":true,"href":"http:\/\/desarrollo.grupomedios.com\/futbol\/wp-json\/wp\/v2\/users\/129"}],"replies":[{"embeddable":true,"href":"http:\/\/desarrollo.grupomedios.com\/futbol\/wp-json\/wp\/v2\/comments?post=507564"}],"version-history":[{"count":1,"href":"http:\/\/desarrollo.grupomedios.com\/futbol\/wp-json\/wp\/v2\/posts\/507564\/revisions"}],"predecessor-version":[{"id":507567,"href":"http:\/\/desarrollo.grupomedios.com\/futbol\/wp-json\/wp\/v2\/posts\/507564\/revisions\/507567"}],"wp:featuredmedia":[{"embeddable":true,"href":"http:\/\/desarrollo.grupomedios.com\/futbol\/wp-json\/wp\/v2\/media\/507566"}],"wp:attachment":[{"href":"http:\/\/desarrollo.grupomedios.com\/futbol\/wp-json\/wp\/v2\/media?parent=507564"}],"wp:term":[{"taxonomy":"category","embeddable":true,"href":"http:\/\/desarrollo.grupomedios.com\/futbol\/wp-json\/wp\/v2\/categories?post=507564"},{"taxonomy":"post_tag","embeddable":true,"href":"http:\/\/desarrollo.grupomedios.com\/futbol\/wp-json\/wp\/v2\/tags?post=507564"}],"curies":[{"name":"wp","href":"https:\/\/api.w.org\/{rel}","templated":true}]}}