{"id":507573,"date":"2017-11-01T09:17:17","date_gmt":"2017-11-01T15:17:17","guid":{"rendered":"https:\/\/www.futboltotal.com.mx\/?p=507573"},"modified":"2017-11-01T09:53:46","modified_gmt":"2017-11-01T15:53:46","slug":"matias-britos-confiesa-como-palencia-lo-corrio-pumas","status":"publish","type":"post","link":"http:\/\/desarrollo.grupomedios.com\/futbol\/futbol-mexicano\/matias-britos-confiesa-como-palencia-lo-corrio-pumas\/2017\/11","title":{"rendered":"Mat\u00edas Britos confiesa c\u00f3mo Palencia lo corri\u00f3 de Pumas"},"content":{"rendered":"<p><strong>POR: STAFF FT<\/strong><\/p>\n<p><strong>Mat\u00edas Britos<\/strong> tuvo su salida de <strong>Pumas<\/strong> luego de terminar el <strong>Clausura 2017<\/strong> y recal\u00f3 en el\u00a0<strong>Al-Hilal FC\u00a0<\/strong>de los Emiratos \u00c1rabes Unidos y ahora revel\u00f3 que el estratega, <strong>Juan\u00a0Francisco Palencia,\u00a0<\/strong>pr\u00e1cticamente pidi\u00f3 su salida del equipo del Pedregal, pues le indicaron que no entraba en planes para el siguiente torneo, pues no era del agrado del cuerpo t\u00e9cnico.<\/p>\n<p>\u201cLa directiva fue muy sincera conmigo, tanto Rodrigo (<strong>Ares de Parga)<\/strong>\u00a0como Sergio (<strong>Egea<\/strong>) me dijeron que no era del gusto del t\u00e9cnico que estaba en ese momento (<strong>Palencia<\/strong>), que si hab\u00eda una propuesta que conformara al club y a m\u00ed ser\u00eda bienvenida, si no me pod\u00eda quedar esperando y en alg\u00fan momento si los resultados no se daban, un cambio de t\u00e9cnico podr\u00eda darse y a partir de ah\u00ed volver\u00eda a ser tomado en cuenta y formar parte activa del equipo\u201d, expres\u00f3 el delantero para el diario R\u00e9cord.<\/p>\n<p style=\"text-align: center;\"><a href=\"https:\/\/www.futboltotal.com.mx\/futbol-internacional\/champions-league\/perotti-aplica-gonzalo-jara-mete-mano-a-sharawy-en-festejo\/2017\/11\">VER M\u00c1S: Perotti aplica un \u201cGonzalo Jara\u201d y mete mano a El Sharawy en festejo<\/a><\/p>\n<p>El atacante indic\u00f3 que esto<strong> le doli\u00f3 mucho<\/strong>, pues no est\u00e1 acostumbrado a dejar los proyectos de esa manera, sobre todo cuando los Universitarios estaban mal en la tabla y no hab\u00edan logrado calificar en el torneo. Dejando en claro que no deseaba salir de la instituci\u00f3n, como se mostr\u00f3 en el \u00faltimo partido que piso el terreno de juego en<strong> Ciudad Universitaria<\/strong> ante <strong>Puebla<\/strong>, donde sali\u00f3 entre lagrimas.<\/p>\n<p>\u201cMe doli\u00f3 porque <strong>a m\u00ed no me gusta abandonar las cosas<\/strong>, como se los dije a mis compa\u00f1eros el d\u00eda que me fui, no me gusta abandonar el barco en un momento dif\u00edcil porque ven\u00edamos de tener un mal torneo y no estaba f\u00e1cil la situaci\u00f3n para el siguiente torneo, como ahora que quiz\u00e1s no la est\u00e1n pasando bien y <strong>no era un momento para abandonar el barco.<\/strong><\/p>\n<p>\u201cEntend\u00ed que era lo mejor para el futuro y que as\u00ed eran las circunstancias le guste a uno o no, tengo mucho cari\u00f1o por la gente de\u00a0<strong>Pumas\u00a0<\/strong>y los mejores recuerdos por todo lo que vivimos por haber dejado todo en la cancha y que supieran que yo no me iba a ir en un momento dif\u00edcil, pero as\u00ed pas\u00f3, ten\u00eda que ver para adelante\u201d, indic\u00f3 el atacante sobre los universitarios.<\/p>\n<p style=\"text-align: center;\"><a href=\"https:\/\/www.futboltotal.com.mx\/futbol-internacional\/liga-de-francia-futbol-internacional\/dani-alves-revela-estuvo-cerca-fichar-liverpool\/2017\/11\">VER M\u00c1S: Dani Alves revela que estuvo cerca de fichar por el Liverpool<\/a><\/p>\n","protected":false},"excerpt":{"rendered":"<p>El delantero no quer\u00eda abandonar la instituci\u00f3n universitaria<\/p>\n","protected":false},"author":159,"featured_media":507578,"comment_status":"closed","ping_status":"closed","sticky":false,"template":"","format":"standard","meta":[],"categories":[2198,3845],"tags":[1449,64,436,74],"_links":{"self":[{"href":"http:\/\/desarrollo.grupomedios.com\/futbol\/wp-json\/wp\/v2\/posts\/507573"}],"collection":[{"href":"http:\/\/desarrollo.grupomedios.com\/futbol\/wp-json\/wp\/v2\/posts"}],"about":[{"href":"http:\/\/desarrollo.grupomedios.com\/futbol\/wp-json\/wp\/v2\/types\/post"}],"author":[{"embeddable":true,"href":"http:\/\/desarrollo.grupomedios.com\/futbol\/wp-json\/wp\/v2\/users\/159"}],"replies":[{"embeddable":true,"href":"http:\/\/desarrollo.grupomedios.com\/futbol\/wp-json\/wp\/v2\/comments?post=507573"}],"version-history":[{"count":3,"href":"http:\/\/desarrollo.grupomedios.com\/futbol\/wp-json\/wp\/v2\/posts\/507573\/revisions"}],"predecessor-version":[{"id":507586,"href":"http:\/\/desarrollo.grupomedios.com\/futbol\/wp-json\/wp\/v2\/posts\/507573\/revisions\/507586"}],"wp:featuredmedia":[{"embeddable":true,"href":"http:\/\/desarrollo.grupomedios.com\/futbol\/wp-json\/wp\/v2\/media\/507578"}],"wp:attachment":[{"href":"http:\/\/desarrollo.grupomedios.com\/futbol\/wp-json\/wp\/v2\/media?parent=507573"}],"wp:term":[{"taxonomy":"category","embeddable":true,"href":"http:\/\/desarrollo.grupomedios.com\/futbol\/wp-json\/wp\/v2\/categories?post=507573"},{"taxonomy":"post_tag","embeddable":true,"href":"http:\/\/desarrollo.grupomedios.com\/futbol\/wp-json\/wp\/v2\/tags?post=507573"}],"curies":[{"name":"wp","href":"https:\/\/api.w.org\/{rel}","templated":true}]}}