{"id":507582,"date":"2017-11-01T09:50:04","date_gmt":"2017-11-01T15:50:04","guid":{"rendered":"https:\/\/www.futboltotal.com.mx\/?p=507582"},"modified":"2017-11-01T09:50:42","modified_gmt":"2017-11-01T15:50:42","slug":"ricardo-la-volpe-contactado-para-dirigir-a-chile","status":"publish","type":"post","link":"http:\/\/desarrollo.grupomedios.com\/futbol\/destacado-home\/ricardo-la-volpe-contactado-para-dirigir-a-chile\/2017\/11","title":{"rendered":"Ricardo La Volpe, contactado para dirigir a Chile"},"content":{"rendered":"<p><strong>POR: STAFF FT<\/strong><\/p>\n<p>El estratega\u00a0<strong>Ricardo La Volpe\u00a0<\/strong>revel\u00f3 que tuvo contactos con dirigentes de la <strong>Selecci\u00f3n de Chile<\/strong>, luego que destituyeran a\u00a0<strong>Juan Antonio Pizzi\u00a0<\/strong>y el estratega mostr\u00f3 su inter\u00e9s por dirigir al combinado andino, pues estableci\u00f3 que tiene la trayectoria y capacidad suficiente para asumir un desaf\u00edo de esa magnitud.<\/p>\n<p>&#8220;Siempre te hablan cuando est\u00e1n buscando t\u00e9cnico y creo que tengo un buen curriculum.\u00a0<strong>Lo hice bien con M\u00e9xico en un Mundial,<\/strong> en una Confederaciones, y mi curriculum ah\u00ed est\u00e1. Dirigir a una selecci\u00f3n es lo m\u00e1ximo para un t\u00e9cnico, porque puedes convocar a los jugadores que quieres seg\u00fan las caracter\u00edsticas del sistema que quieres manejar.<strong> Chile es una gran vitrina.<\/strong>&#8220;, afirm\u00f3 en entrevista con Pasi\u00f3n W.<\/p>\n<p style=\"text-align: center;\"><a href=\"https:\/\/www.futboltotal.com.mx\/futbol-mexicano\/liga-mx\/matias-britos-confiesa-como-palencia-lo-corrio-pumas\/2017\/11\">VER M\u00c1S: Mat\u00edas Britos confiesa como Palencia lo corri\u00f3 de Pumas<\/a><\/p>\n<p>Sin embargo, ahondo en el tema e indic\u00f3 que necesita tiempo para conocer los jugadores que tiene l<strong>a liga chilena<\/strong>, pues en el panorama internacional todos conocen el estilo de juego que tienen sus estrellas, que ya juegan en equipos importantes de Europa o han tenido una mayor experiencia en <strong>La Roja<\/strong><\/p>\n<p>&#8220;Lo que s\u00ed, necesitar\u00e9 unos dos meses para ver jugadores del f\u00fatbol local\u00a0porque a\u00a0<strong>Alexis, Vidal, Vargas, Medel<\/strong>\u00a0uno ya los conoce.\u00a0Hay que ver qu\u00e9 hay en el\u00a0<strong>Everton,\u00a0Cat\u00f3lica,\u00a0U\u00a0de Chile, O&#8217;Higgins<\/strong>\u00a0y en todos los equipos.\u00a0Yo estoy dentro del f\u00fatbol y siempre estoy viendo&#8221;, agreg\u00f3<\/p>\n<p>Por otro lado, dio a entender que conoce bien al jugador chileno, pues en su paso como estratega en M\u00e9xico, ha tenido la oportunidad de dirigir y traer a algunos andinos.<\/p>\n<blockquote><p>&#8220;Yo manej\u00e9 a <strong>Suazo<\/strong>, manej\u00e9 y traje a <strong>Paredes<\/strong> al <strong>Atlante<\/strong>, traje a <strong>Silva<\/strong> a <strong>Jaguares<\/strong>, que hoy se encuentra en Cruz Azul,\u00a0entonces no desconozco para nada los futbolistas chilenos&#8221;.<\/p><\/blockquote>\n<p style=\"text-align: center;\"><a href=\"https:\/\/www.futboltotal.com.mx\/futbol-internacional\/liga-de-francia-futbol-internacional\/dani-alves-revela-estuvo-cerca-fichar-liverpool\/2017\/11\">VER M\u00c1S: Dani Alves revela que estuvo cerca de fichar por el Liverpool<\/a><\/p>\n","protected":false},"excerpt":{"rendered":"<p>El estratega estableci\u00f3 que le interesar\u00eda dirigir a los andinos<\/p>\n","protected":false},"author":159,"featured_media":507583,"comment_status":"closed","ping_status":"closed","sticky":false,"template":"","format":"standard","meta":[],"categories":[5,3839],"tags":[406,767,1669],"_links":{"self":[{"href":"http:\/\/desarrollo.grupomedios.com\/futbol\/wp-json\/wp\/v2\/posts\/507582"}],"collection":[{"href":"http:\/\/desarrollo.grupomedios.com\/futbol\/wp-json\/wp\/v2\/posts"}],"about":[{"href":"http:\/\/desarrollo.grupomedios.com\/futbol\/wp-json\/wp\/v2\/types\/post"}],"author":[{"embeddable":true,"href":"http:\/\/desarrollo.grupomedios.com\/futbol\/wp-json\/wp\/v2\/users\/159"}],"replies":[{"embeddable":true,"href":"http:\/\/desarrollo.grupomedios.com\/futbol\/wp-json\/wp\/v2\/comments?post=507582"}],"version-history":[{"count":1,"href":"http:\/\/desarrollo.grupomedios.com\/futbol\/wp-json\/wp\/v2\/posts\/507582\/revisions"}],"predecessor-version":[{"id":507584,"href":"http:\/\/desarrollo.grupomedios.com\/futbol\/wp-json\/wp\/v2\/posts\/507582\/revisions\/507584"}],"wp:featuredmedia":[{"embeddable":true,"href":"http:\/\/desarrollo.grupomedios.com\/futbol\/wp-json\/wp\/v2\/media\/507583"}],"wp:attachment":[{"href":"http:\/\/desarrollo.grupomedios.com\/futbol\/wp-json\/wp\/v2\/media?parent=507582"}],"wp:term":[{"taxonomy":"category","embeddable":true,"href":"http:\/\/desarrollo.grupomedios.com\/futbol\/wp-json\/wp\/v2\/categories?post=507582"},{"taxonomy":"post_tag","embeddable":true,"href":"http:\/\/desarrollo.grupomedios.com\/futbol\/wp-json\/wp\/v2\/tags?post=507582"}],"curies":[{"name":"wp","href":"https:\/\/api.w.org\/{rel}","templated":true}]}}