{"id":507589,"date":"2017-11-01T10:44:45","date_gmt":"2017-11-01T16:44:45","guid":{"rendered":"https:\/\/www.futboltotal.com.mx\/?p=507589"},"modified":"2017-11-01T10:44:45","modified_gmt":"2017-11-01T16:44:45","slug":"en-pachuca-confiesan-pensamos-en-dar-baja-a-chucky-lozano","status":"publish","type":"post","link":"http:\/\/desarrollo.grupomedios.com\/futbol\/futbol-mexicano\/en-pachuca-confiesan-pensamos-en-dar-baja-a-chucky-lozano\/2017\/11","title":{"rendered":"En Pachuca confiesan: &#8220;Pensamos en dar de baja a Chucky Lozano&#8221;"},"content":{"rendered":"<p>El impresionante inicio que ha tenido <strong>Hirving <em>Chucky<\/em> Lozano<\/strong> en su andar por el futbol europeo con el <strong>PSV Eindhoven<\/strong> no sorprende al interior del <strong>Pachuca<\/strong>, el equipo que lo form\u00f3 y que vivi\u00f3 su progresi\u00f3n d\u00eda a d\u00eda, aunque en alg\u00fan momento los <strong>Tuzos<\/strong> estuvieron cerca de desprenderse de este talentoso atacante.<\/p>\n<p><strong>Marco Garc\u00e9s<\/strong>, director deportivo del cuadro hidalguense, confes\u00f3 que a\u00f1os atr\u00e1s los responsables de las divisiones inferiores del Pachuca pensaron en dejarlo ir, esto motivados por sus caracter\u00edsticas f\u00edsicas y la actitud que mostraba al cuerpo t\u00e9cnico.<\/p>\n<p>&#8220;S\u00ed, hab\u00eda la posibilidad de darlo de baja dentro de su etapa de fuerzas b\u00e1sicas, porque era muy flaquito, muy chiquito, se desesperaba muy f\u00e1cilmente, entonces le colmaba los nervios a los entrenadores, no ten\u00eda un gran rendimiento, sin embargo, aguant\u00f3, resisti\u00f3, y m\u00edralo ahora&#8221;, dijo el directivo en entrevista con Marca Claro.<\/p>\n<p style=\"text-align: center;\"><a href=\"https:\/\/www.futboltotal.com.mx\/futbol-internacional\/ricardo-la-volpe-contactado-para-dirigir-a-chile\/2017\/11\" target=\"_blank\" rel=\"noopener\"><span style=\"color: #333399;\">VER M\u00c1S: Ricardo La Volpe, contactado para dirigir a Chile<\/span><\/a><\/p>\n<p>Sin embargo, la perseverancia ha sido una de las cualidades del <em>Chucky<\/em> desde que apenas so\u00f1aba con ser futbolista profesional y que ha mostrado en distintos pasajes de su carrera.<\/p>\n<p>&#8220;Entre mayor sea el reto, \u00e9l se crece m\u00e1s, siempre ha marcado gol en sus debuts, con Pachuca, con la selecci\u00f3n, con el PSV, se crece ante eso, m\u00e1s es su ambici\u00f3n, m\u00e1s son sus deseos y juega mejor, eso hace muy dif\u00edcil predecir donde est\u00e1 su techo&#8221;, asegur\u00f3 Garc\u00e9s.<\/p>\n<p>Finalmente, el responsable de la estrategia deportiva de los Tuzos opin\u00f3 sobre el arranque de Lozano en la Eredivisie holandesa, que incluso los ha sorprendido.<\/p>\n<p>&#8220;Ha sido extraordinario, incluso encima de las expectativas que ten\u00edamos, nosotros siempre supimos que Hirving era una gran jugador, que ten\u00eda todo para demostrarlo en <strong>Europa<\/strong>, pero su capacidad goleadora que ha manifestado est\u00e1 por encima de lo que ense\u00f1\u00f3 aqu\u00ed, nos llena de orgullo&#8221;, agreg\u00f3.<\/p>\n","protected":false},"excerpt":{"rendered":"<p>\u00bfQu\u00e9 habr\u00eda pasado si los Tuzos no debutaban a Lozano?<\/p>\n","protected":false},"author":154,"featured_media":507593,"comment_status":"closed","ping_status":"closed","sticky":false,"template":"","format":"standard","meta":[],"categories":[9721,2198,3845],"tags":[6944,4420,5196,64,2638,5968,3224],"_links":{"self":[{"href":"http:\/\/desarrollo.grupomedios.com\/futbol\/wp-json\/wp\/v2\/posts\/507589"}],"collection":[{"href":"http:\/\/desarrollo.grupomedios.com\/futbol\/wp-json\/wp\/v2\/posts"}],"about":[{"href":"http:\/\/desarrollo.grupomedios.com\/futbol\/wp-json\/wp\/v2\/types\/post"}],"author":[{"embeddable":true,"href":"http:\/\/desarrollo.grupomedios.com\/futbol\/wp-json\/wp\/v2\/users\/154"}],"replies":[{"embeddable":true,"href":"http:\/\/desarrollo.grupomedios.com\/futbol\/wp-json\/wp\/v2\/comments?post=507589"}],"version-history":[{"count":1,"href":"http:\/\/desarrollo.grupomedios.com\/futbol\/wp-json\/wp\/v2\/posts\/507589\/revisions"}],"predecessor-version":[{"id":507599,"href":"http:\/\/desarrollo.grupomedios.com\/futbol\/wp-json\/wp\/v2\/posts\/507589\/revisions\/507599"}],"wp:featuredmedia":[{"embeddable":true,"href":"http:\/\/desarrollo.grupomedios.com\/futbol\/wp-json\/wp\/v2\/media\/507593"}],"wp:attachment":[{"href":"http:\/\/desarrollo.grupomedios.com\/futbol\/wp-json\/wp\/v2\/media?parent=507589"}],"wp:term":[{"taxonomy":"category","embeddable":true,"href":"http:\/\/desarrollo.grupomedios.com\/futbol\/wp-json\/wp\/v2\/categories?post=507589"},{"taxonomy":"post_tag","embeddable":true,"href":"http:\/\/desarrollo.grupomedios.com\/futbol\/wp-json\/wp\/v2\/tags?post=507589"}],"curies":[{"name":"wp","href":"https:\/\/api.w.org\/{rel}","templated":true}]}}