{"id":507591,"date":"2017-11-01T10:38:38","date_gmt":"2017-11-01T16:38:38","guid":{"rendered":"https:\/\/www.futboltotal.com.mx\/?p=507591"},"modified":"2017-11-01T10:38:38","modified_gmt":"2017-11-01T16:38:38","slug":"lobos-buap-iria-delantero-peruano","status":"publish","type":"post","link":"http:\/\/desarrollo.grupomedios.com\/futbol\/futbol-mexicano\/lobos-buap-iria-delantero-peruano\/2017\/11","title":{"rendered":"Lobos BUAP ir\u00eda por un delantero peruano"},"content":{"rendered":"<p>Los <strong>Lobos BUAP<\/strong> ya est\u00e1n preparando el torneo de <strong>Clausura 2018<\/strong>, donde pelear\u00e1n por conseguir la permanencia en la <strong>Primera Divisi\u00f3n<\/strong> y ya estar\u00edan pensando en sus nuevos refuerzos.<\/p>\n<p>Y es que la directiva poblana, ya buscar\u00eda un acompa\u00f1ante para <strong>Juli\u00e1n Qui\u00f1ones<\/strong> y el elegido estar\u00eda en el futbol peruano, mercado en donde la <strong>Liga MX<\/strong> ha apostado en los \u00faltimos torneos.<\/p>\n<p style=\"text-align: center;\"><span style=\"color: #3366ff;\"><a href=\"https:\/\/www.futboltotal.com.mx\/futbol-internacional\/ricardo-la-volpe-contactado-para-dirigir-a-chile\/2017\/11\">VER M\u00c1S: Ricardo La Volpe, contactado para dirigir a Chile<\/a><\/span><\/p>\n<p>Seg\u00fan informa el periodista <strong>David Medrano<\/strong>, el conjunto lic\u00e1ntropo tiene en la mira a <strong>Jos\u00e9 Miguel Manzaneda,<\/strong> que milita en la <strong>Academia Cantolao<\/strong> y con la cual ha conseguido diez goles.<\/p>\n<p><strong>Cantolao<\/strong> es el cuadro reci\u00e9n ascendido y Manzaneda es la figura, inclusive ya fue llamado a selecci\u00f3n nacional. Los jugadores <strong>Pedro Aquino<\/strong> y <strong>Lu\u00eds Adv\u00edncula<\/strong>, los peruanos de Lobos, han recomendado ampliamente a Manzaneda.<\/p>\n<p><iframe loading=\"lazy\" src=\"https:\/\/www.youtube.com\/embed\/8v3DAnH6YSI?feature=oembed\" frameborder=\"0\" gesture=\"media\" allowfullscreen><\/iframe><\/p>\n","protected":false},"excerpt":{"rendered":"<p>Los poblanos ya piensan en el pr\u00f3ximo torneo.<\/p>\n","protected":false},"author":129,"featured_media":501369,"comment_status":"closed","ping_status":"closed","sticky":false,"template":"","format":"standard","meta":[],"categories":[2198,3845],"tags":[9028,64,431],"_links":{"self":[{"href":"http:\/\/desarrollo.grupomedios.com\/futbol\/wp-json\/wp\/v2\/posts\/507591"}],"collection":[{"href":"http:\/\/desarrollo.grupomedios.com\/futbol\/wp-json\/wp\/v2\/posts"}],"about":[{"href":"http:\/\/desarrollo.grupomedios.com\/futbol\/wp-json\/wp\/v2\/types\/post"}],"author":[{"embeddable":true,"href":"http:\/\/desarrollo.grupomedios.com\/futbol\/wp-json\/wp\/v2\/users\/129"}],"replies":[{"embeddable":true,"href":"http:\/\/desarrollo.grupomedios.com\/futbol\/wp-json\/wp\/v2\/comments?post=507591"}],"version-history":[{"count":1,"href":"http:\/\/desarrollo.grupomedios.com\/futbol\/wp-json\/wp\/v2\/posts\/507591\/revisions"}],"predecessor-version":[{"id":507596,"href":"http:\/\/desarrollo.grupomedios.com\/futbol\/wp-json\/wp\/v2\/posts\/507591\/revisions\/507596"}],"wp:featuredmedia":[{"embeddable":true,"href":"http:\/\/desarrollo.grupomedios.com\/futbol\/wp-json\/wp\/v2\/media\/501369"}],"wp:attachment":[{"href":"http:\/\/desarrollo.grupomedios.com\/futbol\/wp-json\/wp\/v2\/media?parent=507591"}],"wp:term":[{"taxonomy":"category","embeddable":true,"href":"http:\/\/desarrollo.grupomedios.com\/futbol\/wp-json\/wp\/v2\/categories?post=507591"},{"taxonomy":"post_tag","embeddable":true,"href":"http:\/\/desarrollo.grupomedios.com\/futbol\/wp-json\/wp\/v2\/tags?post=507591"}],"curies":[{"name":"wp","href":"https:\/\/api.w.org\/{rel}","templated":true}]}}