{"id":507602,"date":"2017-11-01T11:18:03","date_gmt":"2017-11-01T17:18:03","guid":{"rendered":"https:\/\/www.futboltotal.com.mx\/?p=507602"},"modified":"2017-11-01T11:18:03","modified_gmt":"2017-11-01T17:18:03","slug":"arsenal-dispuesto-a-llevarse-a-uno-los-porteros-del-barcelona","status":"publish","type":"post","link":"http:\/\/desarrollo.grupomedios.com\/futbol\/futbol-internacional\/arsenal-dispuesto-a-llevarse-a-uno-los-porteros-del-barcelona\/2017\/11","title":{"rendered":"Arsenal, dispuesto a llevarse a uno de los porteros del Barcelona"},"content":{"rendered":"<p>El <strong>Barcelona<\/strong> ha tenido un buen comienzo de temporada y el portero alem\u00e1n, <strong>Marc-Andr\u00e9 ter Stegen<\/strong> se ha convertido en una de sus figuras, motivo por el que ya le habr\u00edan echado un ojo en la <strong>Premier League<\/strong>.<\/p>\n<p><strong>Arsenal<\/strong> ser\u00eda el club que estar\u00eda estudiando su fichaje, pues seg\u00fan la informaci\u00f3n del <em>Daly Star<\/em>, los Gunners ya buscan al sustituto de <strong>Petr Cech<\/strong>, quien est\u00e1 por cumplir 36 a\u00f1os y cerca de terminar su contrato, por lo que es necesario buscar a un candidato ya que <strong>David Ospina<\/strong> tambi\u00e9n saldr\u00eda.<\/p>\n<p style=\"text-align: center;\"><span style=\"color: #3366ff;\"><a href=\"https:\/\/www.futboltotal.com.mx\/futbol-mexicano\/liga-mx\/matias-britos-confiesa-como-palencia-lo-corrio-pumas\/2017\/11\">VER M\u00c1S: Mat\u00edas Britos confiesa c\u00f3mo Palencia lo corri\u00f3 de Pumas<\/a><\/span><\/p>\n<p>El problema para que Ter Stegen llegue al Arsenal es su elevada cl\u00e1usula de rescisi\u00f3n, pues est\u00e1 en 180 millones de euros y es una cantidad que el conjunto de Londres no puede pagar, adem\u00e1s de que el propio alem\u00e1n ha dicho estar contento en Barcelona.<\/p>\n<p>Caso contrario ser\u00eda el del holand\u00e9s <strong>Jasper Cillessen<\/strong>. El holand\u00e9s, de 28 a\u00f1os y bajo contrato con el <strong>Bar\u00e7a<\/strong> hasta 2021, entiende que su situaci\u00f3n no cambiar\u00e1 en el Camp Nou a pesar de sus buenas actuaciones.<\/p>\n<p>El Bar\u00e7a no tiene ninguna intenci\u00f3n de forzar la salida de Cillessen, totalmente integrado en el vestuario, pero s\u00ed negociar\u00eda su traspaso si fuera el portero quien diera el paso de pedir su salida para ganar protagonismo en otro club.<\/p>\n<p style=\"text-align: center;\"><span style=\"color: #3366ff;\"><a href=\"https:\/\/www.futboltotal.com.mx\/futbol-internacional\/fc-barcelona-arsenal-en-disputa-por-futbolista-frances\/2017\/11\">VER M\u00c1S: FC Barcelona y Arsenal, en disputa por futbolista franc\u00e9s<\/a><\/span><\/p>\n","protected":false},"excerpt":{"rendered":"<p>Los Gunners ya buscan un sustituto para Cech.<\/p>\n","protected":false},"author":129,"featured_media":507603,"comment_status":"closed","ping_status":"closed","sticky":false,"template":"","format":"standard","meta":[],"categories":[3839,3846],"tags":[6044,5984,11001,4510,334],"_links":{"self":[{"href":"http:\/\/desarrollo.grupomedios.com\/futbol\/wp-json\/wp\/v2\/posts\/507602"}],"collection":[{"href":"http:\/\/desarrollo.grupomedios.com\/futbol\/wp-json\/wp\/v2\/posts"}],"about":[{"href":"http:\/\/desarrollo.grupomedios.com\/futbol\/wp-json\/wp\/v2\/types\/post"}],"author":[{"embeddable":true,"href":"http:\/\/desarrollo.grupomedios.com\/futbol\/wp-json\/wp\/v2\/users\/129"}],"replies":[{"embeddable":true,"href":"http:\/\/desarrollo.grupomedios.com\/futbol\/wp-json\/wp\/v2\/comments?post=507602"}],"version-history":[{"count":1,"href":"http:\/\/desarrollo.grupomedios.com\/futbol\/wp-json\/wp\/v2\/posts\/507602\/revisions"}],"predecessor-version":[{"id":507604,"href":"http:\/\/desarrollo.grupomedios.com\/futbol\/wp-json\/wp\/v2\/posts\/507602\/revisions\/507604"}],"wp:featuredmedia":[{"embeddable":true,"href":"http:\/\/desarrollo.grupomedios.com\/futbol\/wp-json\/wp\/v2\/media\/507603"}],"wp:attachment":[{"href":"http:\/\/desarrollo.grupomedios.com\/futbol\/wp-json\/wp\/v2\/media?parent=507602"}],"wp:term":[{"taxonomy":"category","embeddable":true,"href":"http:\/\/desarrollo.grupomedios.com\/futbol\/wp-json\/wp\/v2\/categories?post=507602"},{"taxonomy":"post_tag","embeddable":true,"href":"http:\/\/desarrollo.grupomedios.com\/futbol\/wp-json\/wp\/v2\/tags?post=507602"}],"curies":[{"name":"wp","href":"https:\/\/api.w.org\/{rel}","templated":true}]}}