{"id":507605,"date":"2017-11-01T11:57:08","date_gmt":"2017-11-01T17:57:08","guid":{"rendered":"https:\/\/www.futboltotal.com.mx\/?p=507605"},"modified":"2017-11-01T11:57:08","modified_gmt":"2017-11-01T17:57:08","slug":"arsenal-insiste-ya-hizo-la-oferta-30-mde-chucky-lozano","status":"publish","type":"post","link":"http:\/\/desarrollo.grupomedios.com\/futbol\/futbol-internacional\/arsenal-insiste-ya-hizo-la-oferta-30-mde-chucky-lozano\/2017\/11","title":{"rendered":"Arsenal insiste, ya hizo oferta de 30 mde por Chucky Lozano"},"content":{"rendered":"<p><strong>POR: STAFF FT<\/strong><\/p>\n<p>El <strong>Arsenal<\/strong> ya est\u00e1 comenzando a planear el futuro sin <strong>Alexis S\u00e1nchez<\/strong> y a pesar de estar tentando una renovaci\u00f3n con el chileno, est\u00e1n desesperados por encontrar un posible extremo que les de la tranquilidad y las garant\u00edas que, aunque se marche el chileno, no tendr\u00e1n que sufrir por tener un ataque d\u00e9bil. Adem\u00e1s que el andino ya estar\u00eda apalabrado con el estratega <strong>Josep Guardiola<\/strong> para recalar en el <strong>Manchester City<\/strong>.<\/p>\n<p>Mientras tanto, <strong>Arsene Wenger<\/strong> tiene dos opciones en mente para ocupar esa plaza y entre sus objetivos est\u00e1 el jugador mexicano, <strong>Hirving &#8216;Chucky&#8217; Lozano<\/strong> quien actualmente milita para el PSV Eindhoven, mientras que otro nombre que aparec\u00eda era el de T<strong>homas Lemar<\/strong>, del <strong>AS M\u00f3naco<\/strong>, sin embargo, se ha complicado la llegada del franc\u00e9s pues el <strong>FC Barcelona<\/strong> ha mostrado un nuevo inter\u00e9s por \u00e9l y ver\u00edan dif\u00edcil hacerse con el extremo.<\/p>\n<p style=\"text-align: center;\"><a href=\"https:\/\/www.futboltotal.com.mx\/futbol-internacional\/ricardo-la-volpe-contactado-para-dirigir-a-chile\/2017\/11\">VER M\u00c1S: Ricardo La Volpe, contactado para dirigir a Chile<\/a><\/p>\n<p>Por ello, de acuerdo con\u00a0CalcioMercato, los <strong>Gunners<\/strong> ya realizaron una oferta formal a los Granjeros de <strong>30 millones de euros<\/strong> para pagar su cl\u00e1usula de rescisi\u00f3n y hacerse con sus servicios en cuanto antes, para no tener que competir con otros equipos por el futbolista mexicano. <strong>PSV<\/strong> no ver\u00eda con malos ojos la oferta pues apenas lo compr\u00f3 por <strong>8 millones de euros<\/strong> al <strong>Pachuca<\/strong>, sin embargo luego de\u00a010 goles y 5 asistencias en los 11 partidos oficiales, est\u00e1n pensando en esperar para venderlo a un precio mayor.<\/p>\n<p>Hasta el momento ning\u00fan otro equipo de<strong> Europa<\/strong> ha mostrado la determinaci\u00f3n de los londinenses para hacerse con el extremo azteca, pues apenas se est\u00e1 dando a conocer y comienza a llamar la atenci\u00f3n por la temporada que est\u00e1 teniendo, por lo que el equipo holand\u00e9s no sabe si esperar a que su joya comience a dar frutos monetarios o venderlo al Arsenal quien ya ha presentado la oferta formal y est\u00e1 dispuesto a pagar lo que piden por \u00e9l.<\/p>\n<p style=\"text-align: center;\"><a href=\"https:\/\/www.futboltotal.com.mx\/cambio-de-juego\/los-muertos-la-liga-mx-futbol-mundial\/2017\/10\">VER M\u00c1S: Los muertos de la Liga MX y el futbol mundial<\/a><\/p>\n","protected":false},"excerpt":{"rendered":"<p>El equipo ingl\u00e9s quiere que sea el sustituto de Alexis S\u00e1nchez<\/p>\n","protected":false},"author":159,"featured_media":507607,"comment_status":"closed","ping_status":"closed","sticky":false,"template":"","format":"standard","meta":[],"categories":[3839,3846],"tags":[6044,11002,5196,334],"_links":{"self":[{"href":"http:\/\/desarrollo.grupomedios.com\/futbol\/wp-json\/wp\/v2\/posts\/507605"}],"collection":[{"href":"http:\/\/desarrollo.grupomedios.com\/futbol\/wp-json\/wp\/v2\/posts"}],"about":[{"href":"http:\/\/desarrollo.grupomedios.com\/futbol\/wp-json\/wp\/v2\/types\/post"}],"author":[{"embeddable":true,"href":"http:\/\/desarrollo.grupomedios.com\/futbol\/wp-json\/wp\/v2\/users\/159"}],"replies":[{"embeddable":true,"href":"http:\/\/desarrollo.grupomedios.com\/futbol\/wp-json\/wp\/v2\/comments?post=507605"}],"version-history":[{"count":1,"href":"http:\/\/desarrollo.grupomedios.com\/futbol\/wp-json\/wp\/v2\/posts\/507605\/revisions"}],"predecessor-version":[{"id":507608,"href":"http:\/\/desarrollo.grupomedios.com\/futbol\/wp-json\/wp\/v2\/posts\/507605\/revisions\/507608"}],"wp:featuredmedia":[{"embeddable":true,"href":"http:\/\/desarrollo.grupomedios.com\/futbol\/wp-json\/wp\/v2\/media\/507607"}],"wp:attachment":[{"href":"http:\/\/desarrollo.grupomedios.com\/futbol\/wp-json\/wp\/v2\/media?parent=507605"}],"wp:term":[{"taxonomy":"category","embeddable":true,"href":"http:\/\/desarrollo.grupomedios.com\/futbol\/wp-json\/wp\/v2\/categories?post=507605"},{"taxonomy":"post_tag","embeddable":true,"href":"http:\/\/desarrollo.grupomedios.com\/futbol\/wp-json\/wp\/v2\/tags?post=507605"}],"curies":[{"name":"wp","href":"https:\/\/api.w.org\/{rel}","templated":true}]}}